{"id":11368,"date":"2023-12-28T11:12:02","date_gmt":"2023-12-28T14:12:02","guid":{"rendered":"https:\/\/news.digitaltv.com.ar\/?p=11368"},"modified":"2023-12-28T11:35:18","modified_gmt":"2023-12-28T14:35:18","slug":"comenzaron-los-trabajos-en-el-camino-a-la-efa","status":"publish","type":"post","link":"https:\/\/news.digitaltv.com.ar\/?p=11368","title":{"rendered":"COMENZARON LOS TRABAJOS EN EL CAMINO A LA EFA"},"content":{"rendered":"\n<p>En un trabajo conjunto entre la Municipalidad de Pergamino y la Provincia de Buenos Aires, se iniciaron las tareas de mejorado del camino rural que comunica el pueblo de Acevedo con la Escuela de la Familia Agr\u00edcola.<\/p>\n\n\n\n<blockquote class=\"wp-block-quote is-layout-flow wp-block-quote-is-layout-flow\"><p>\u201cEste trabajo de 4, 5 kil\u00f3metros va a favorecer la circulaci\u00f3n desde Acevedo por Ruta Nacional No. 188 hasta la EFA. Se trata de un objetivo compartido en el que la Provincia aporta los materiales y la Municipalidad las maquinarias y la mano de obra para realizarlo,\u201d explic\u00f3 An\u00edbal Figueiras, subsecretario de Asuntos Rurales.<\/p><\/blockquote>\n\n\n\n<p><strong>Escuela de la Familia Agr\u00edcola<\/strong><\/p>\n\n\n\n<p>En la Argentina hay actualmente hay 76 escuelas EFA en el pa\u00eds. Ellas emulan un proyecto de educaci\u00f3n rural originado en Francia en 1939, que fue tra\u00eddo a la Argentina en 1969 y se inici\u00f3 en el norte de Santa Fe.<\/p>\n\n\n\n<p>Las EFA son escuelas privadas bajo la figura legal de asociaci\u00f3n civil sin fines de lucro, integradas por los padres del alumnado, quienes administran las escuelas mediante un consejo.<br>El objeto principal es promover el arraigo de los j\u00f3venes en sus lugares de origen, pero que se queden con una calificaci\u00f3n laboral para que tengan una mejor calidad de vida. La idea es que los j\u00f3venes no tengan que migrar a las grandes ciudades.<\/p>\n","protected":false},"excerpt":{"rendered":"<p>En un trabajo conjunto entre la Municipalidad de Pergamino y la Provincia de Buenos Aires, se iniciaron las tareas de mejorado del camino rural que comunica el pueblo de Acevedo con la Escuela de la Familia Agr\u00edcola. \u201cEste trabajo de 4, 5 kil\u00f3metros va a favorecer la circulaci\u00f3n desde Acevedo por Ruta Nacional No. 188 [&hellip;]<\/p>\n","protected":false},"author":1,"featured_media":11369,"comment_status":"open","ping_status":"open","sticky":false,"template":"","format":"standard","meta":{"_monsterinsights_skip_tracking":false,"_monsterinsights_sitenote_active":false,"_monsterinsights_sitenote_note":"","_monsterinsights_sitenote_category":0,"footnotes":""},"categories":[150],"tags":[157],"class_list":["post-11368","post","type-post","status-publish","format-standard","has-post-thumbnail","hentry","category-actualidad","tag-157"],"_links":{"self":[{"href":"https:\/\/news.digitaltv.com.ar\/index.php?rest_route=\/wp\/v2\/posts\/11368","targetHints":{"allow":["GET"]}}],"collection":[{"href":"https:\/\/news.digitaltv.com.ar\/index.php?rest_route=\/wp\/v2\/posts"}],"about":[{"href":"https:\/\/news.digitaltv.com.ar\/index.php?rest_route=\/wp\/v2\/types\/post"}],"author":[{"embeddable":true,"href":"https:\/\/news.digitaltv.com.ar\/index.php?rest_route=\/wp\/v2\/users\/1"}],"replies":[{"embeddable":true,"href":"https:\/\/news.digitaltv.com.ar\/index.php?rest_route=%2Fwp%2Fv2%2Fcomments&post=11368"}],"version-history":[{"count":1,"href":"https:\/\/news.digitaltv.com.ar\/index.php?rest_route=\/wp\/v2\/posts\/11368\/revisions"}],"predecessor-version":[{"id":11370,"href":"https:\/\/news.digitaltv.com.ar\/index.php?rest_route=\/wp\/v2\/posts\/11368\/revisions\/11370"}],"wp:featuredmedia":[{"embeddable":true,"href":"https:\/\/news.digitaltv.com.ar\/index.php?rest_route=\/wp\/v2\/media\/11369"}],"wp:attachment":[{"href":"https:\/\/news.digitaltv.com.ar\/index.php?rest_route=%2Fwp%2Fv2%2Fmedia&parent=11368"}],"wp:term":[{"taxonomy":"category","embeddable":true,"href":"https:\/\/news.digitaltv.com.ar\/index.php?rest_route=%2Fwp%2Fv2%2Fcategories&post=11368"},{"taxonomy":"post_tag","embeddable":true,"href":"https:\/\/news.digitaltv.com.ar\/index.php?rest_route=%2Fwp%2Fv2%2Ftags&post=11368"}],"curies":[{"name":"wp","href":"https:\/\/api.w.org\/{rel}","templated":true}]}}