{"id":1202,"date":"2022-03-24T10:07:44","date_gmt":"2022-03-24T13:07:44","guid":{"rendered":"https:\/\/wp.digitaltv.com.ar\/?p=1202"},"modified":"2022-03-24T10:13:42","modified_gmt":"2022-03-24T13:13:42","slug":"douglas-necesita-ser-protagonista","status":"publish","type":"post","link":"https:\/\/news.digitaltv.com.ar\/?p=1202","title":{"rendered":"\u201cDouglas necesita ser protagonista\u201d"},"content":{"rendered":"\n<p><em>Termin\u00f3 la pretemporada para el rojinegro y su entrenador, Gabriel Nasta, efectu\u00f3 en La Gloria o Devoto un balance de la misma, y explic\u00f3 a la gente con qu\u00e9 equipo se encontrar\u00e1 en el Federal A que arrancar\u00e1 el pr\u00f3ximo domingo. Para el \u201cFlaco\u201d, el \u201cMilan de Pergamino\u201d est\u00e1 obligado, por nombre e historia, a volver a estar en los primeros planos, y para ello armaron, junto con la CD, un plantel con el \u00fanico objetivo de pelear arriba. Adem\u00e1s, el ex defensor de Los Andes mostr\u00f3 su conformidad por los refuerzos, la preparaci\u00f3n que tuvieron y los amistosos, por lo que augura un buen campeonato.<\/em><\/p>\n\n\n\n<p>Se viene el Federal A, y Gabriel Nasta hizo un balance de la preparaci\u00f3n: \u201cSiempre las pretemporadas tienen esa caracter\u00edstica, por ah\u00ed los t\u00e9cnicos nos quejamos de los tiempos, de las contrataciones a \u00faltimo momento, de que el grupo no se arma y este tipo de armado nos dio la posibilidad de contar con los jugadores en el inicio de la pretemporada, no solamente por la parte f\u00edsica, futbol\u00edstica y de funcionamiento sino que tambi\u00e9n el tema de conexi\u00f3n grupal, que es muy importante porque la relaci\u00f3n de los jugadores es importante y es del d\u00eda a d\u00eda. La pretemporada hace que se empiecen a formar grupos, que la personalidad grupal se fortalezca y el jugador se vaya sintiendo mejor de acuerdo a como lleg\u00f3. Los jugadores del club estaban parados desde el \u00faltimo d\u00eda de octubre y algunos jugadores que son refuerzos tambi\u00e9n, y otros jugadores que ven\u00edan con ritmo. Era importante saber nivelar eso y era importante saber c\u00f3mo llegaban\u201d, explic\u00f3 el DT, que se refiri\u00f3 a los partidos previos: \u201cA m\u00ed no me gustan los amistosos pero entiendo que es necesario y de acuerdo al plantel es una especie de medida que es inexacta, pero al jugador le sirve para saber c\u00f3mo est\u00e1 y qu\u00e9 cosas tiene por mejorar. Por ah\u00ed falt\u00f3 alg\u00fan amistoso ac\u00e1 pero parad\u00f3jicamente se arreglaron los campos de juego para tener una mejor prestaci\u00f3n en el a\u00f1o y entonces fue algo que en la balanza lo pon\u00e9s y lo positivo es eso. Tenemos la tranquilidad que el espacio va a estar adecuado y acorde al resto del a\u00f1o que es cuando m\u00e1s se lo necesita porque se empieza a jugar el torneo, y tambi\u00e9n empiezan a jugar los viajes y los tiempos\u201d.<\/p>\n\n\n\n<p>El \u201cFlaco\u201d sabe que comienza un nuevo ciclo, con herramientas muy distintas a las del a\u00f1o anterior: \u201cUno tuvo en su momento la soltura de adecuarse al momento de Douglas, en su momento era una cosa, despu\u00e9s otra, y el torneo pasado la idea se fue desarrollando pero no se fueron dando los resultados. S\u00ed se dio un funcionamiento sobre el final del torneo, era algo que uno necesariamente pretende para los equipos y m\u00e1s en un club como Douglas que necesita ser protagonista y las exigencias que demanda. En su momento la billetera y la actualidad era inversa pero las exigencias siempre est\u00e1n y este a\u00f1o se pudo armar y traer jugadores de la categor\u00eda, jugadores de la B Nacional, se arm\u00f3 un plantel interesante, en donde tenemos que desarrollar y demostrar en el campo de juego los atributos que tenemos\u201d, asegur\u00f3, y agreg\u00f3: \u201cEs importante para que el grupo no sea tan numeroso porque eso despu\u00e9s indica de que hay jugadores que empiezan a quedar relegados o que si no cumplen una funci\u00f3n en el equipo no los podemos contar en el equipo, y en esto se busc\u00f3 eso, que casi todos tengan la funci\u00f3n dentro del plantel y que cada uno en su momento determinado se sienta importante porque esa es la clave, tenemos que ser un equipo protagonista desde el manejo de pelota y el posicionamiento en cancha, m\u00e1s all\u00e1 de que te toque de local o visitante\u201d.<\/p>\n\n\n\n<p>Sin embargo, para plasmar esa idea que pretende en su conjunto, Nasta sabe que los pisos no est\u00e1n todos iguales: \u201cEs una variable que no depende de nosotros, yo tambi\u00e9n hago un an\u00e1lisis de los campos de juego porque es dif\u00edcil saber la actualidad. Lo que sabemos del a\u00f1o pasado es que muchos pisos estaban buenos y la idea se pueda desarrollar, as\u00ed que de todas formas el equipo se tiene que preparar para todo tipo de partidos, eso no quiere decir que no vamos a renunciar a ser protagonistas pero va a haber un momento en el partido que se hagan de transici\u00f3n de pelota dividida. Queremos ser agresivos, intensos y ser ofensivos\u201d, manifest\u00f3, y avis\u00f3 a la gente con qu\u00e9 se encontrar\u00e1 desde el domingo a las 15.15. horas ante Depro: \u201cCon un Douglas que piensa hacia adelante, que siempre va a estar con la frente mirando al arco rival, manejando la pelota, encontrando los espacios, pero como todo t\u00e9cnico, necesita sus tiempos, eso es irremediable. Es un equipo que necesita mucho del apoyo, que eso no lo dudo, porque la gente est\u00e1 entusiasmada y tiene ganas de ir a una cancha y gritar. Esperemos estar a la altura y demostrar lo que queremos, proponer, la idea est\u00e1 bien clara, bien marcada y estamos ansiosos por arrancar el torneo. Tambi\u00e9n te tienen que acompa\u00f1ar los resultados y ah\u00ed est\u00e1 la clave\u201d.<\/p>\n\n\n\n<p>En este 2022, el \u201cMilan de Pergamino\u201d conform\u00f3 un plantel amplio y con \u201cdificultades\u201d para el cuerpo t\u00e9cnico a la hora de elegir un once: \u201cEs competencia en igualdad, esa es la clave porque cuando es en desigualdad no se crece y despu\u00e9s est\u00e1 en uno como conductor tomar decisiones positivas y tratar de equivocarse lo menos posible dentro de la cancha como en la vida, y los minutos que te toque en cancha estar al m\u00e1ximo, estar al cien y en el d\u00eda a d\u00eda demostrarme que quiere estar\u201d, se\u00f1al\u00f3 el ex defensor de Los Andes, que ampli\u00f3 sobre las incorporaciones, en especial la de C\u00e9sar<a><\/a> Pereyra : \u201cEstoy conforme con los jugadores que llegaron, son j\u00f3venes, potables, van a tener su a\u00f1o y el \u00b4Picante` tiene muchas variables, me sorprendi\u00f3 gratamente que est\u00e1 mucho mejor de lo que se pensaba y te puede dar opciones en ataque, no solamente en el centro si no que en los exteriores es un jugador que tienen experiencia y movimientos que son determinantes\u201d.<\/p>\n\n\n\n<p>Acerca de los objetivos que perseguir\u00e1n, Gabriel advirti\u00f3 al p\u00fablico de su elenco: \u201cEst\u00e1 para demostrar el funcionamiento, ser protagonista e ir a buscar el \u00fanico lugar, que es el premio\u201d, indic\u00f3, y se expres\u00f3 respecto de la armon\u00eda que existe: \u201cCuando las partes involucradas y los hinchas que es una parte que no hay que dejarla de lado, cuando todo est\u00e1 encaminado y se empiezan a amoldar las cosas, pueden resultar m\u00e1s llevaderas y se puede contar con esa energ\u00eda que se tira, tenemos que captar todo eso y darle las devoluciones que se merece\u201d. Por eso, cerr\u00f3 con un mensaje al simpatizante: \u201cQue venga alentar, que venga apoyar y que le meta porque va a encontrar un grupo de hombres que va a dar el 110\u201d.<\/p>\n","protected":false},"excerpt":{"rendered":"<p>Termin\u00f3 la pretemporada para el rojinegro y su entrenador, Gabriel Nasta, efectu\u00f3 en La Gloria o Devoto un balance de la misma, y explic\u00f3 a la gente con qu\u00e9 equipo se encontrar\u00e1 en el Federal A que arrancar\u00e1 el pr\u00f3ximo domingo. Para el \u201cFlaco\u201d, el \u201cMilan de Pergamino\u201d est\u00e1 obligado, por nombre e historia, a [&hellip;]<\/p>\n","protected":false},"author":7,"featured_media":1203,"comment_status":"open","ping_status":"open","sticky":false,"template":"","format":"standard","meta":{"_monsterinsights_skip_tracking":false,"_monsterinsights_sitenote_active":false,"_monsterinsights_sitenote_note":"","_monsterinsights_sitenote_category":0,"footnotes":""},"categories":[7],"tags":[170],"class_list":["post-1202","post","type-post","status-publish","format-standard","has-post-thumbnail","hentry","category-deportes","tag-170"],"_links":{"self":[{"href":"https:\/\/news.digitaltv.com.ar\/index.php?rest_route=\/wp\/v2\/posts\/1202","targetHints":{"allow":["GET"]}}],"collection":[{"href":"https:\/\/news.digitaltv.com.ar\/index.php?rest_route=\/wp\/v2\/posts"}],"about":[{"href":"https:\/\/news.digitaltv.com.ar\/index.php?rest_route=\/wp\/v2\/types\/post"}],"author":[{"embeddable":true,"href":"https:\/\/news.digitaltv.com.ar\/index.php?rest_route=\/wp\/v2\/users\/7"}],"replies":[{"embeddable":true,"href":"https:\/\/news.digitaltv.com.ar\/index.php?rest_route=%2Fwp%2Fv2%2Fcomments&post=1202"}],"version-history":[{"count":1,"href":"https:\/\/news.digitaltv.com.ar\/index.php?rest_route=\/wp\/v2\/posts\/1202\/revisions"}],"predecessor-version":[{"id":1204,"href":"https:\/\/news.digitaltv.com.ar\/index.php?rest_route=\/wp\/v2\/posts\/1202\/revisions\/1204"}],"wp:featuredmedia":[{"embeddable":true,"href":"https:\/\/news.digitaltv.com.ar\/index.php?rest_route=\/wp\/v2\/media\/1203"}],"wp:attachment":[{"href":"https:\/\/news.digitaltv.com.ar\/index.php?rest_route=%2Fwp%2Fv2%2Fmedia&parent=1202"}],"wp:term":[{"taxonomy":"category","embeddable":true,"href":"https:\/\/news.digitaltv.com.ar\/index.php?rest_route=%2Fwp%2Fv2%2Fcategories&post=1202"},{"taxonomy":"post_tag","embeddable":true,"href":"https:\/\/news.digitaltv.com.ar\/index.php?rest_route=%2Fwp%2Fv2%2Ftags&post=1202"}],"curies":[{"name":"wp","href":"https:\/\/api.w.org\/{rel}","templated":true}]}}