{"id":1276,"date":"2022-03-25T13:51:18","date_gmt":"2022-03-25T16:51:18","guid":{"rendered":"https:\/\/wp.digitaltv.com.ar\/?p=1276"},"modified":"2022-03-25T21:05:39","modified_gmt":"2022-03-26T00:05:39","slug":"me-encanta-ejercer-la-docencia","status":"publish","type":"post","link":"https:\/\/news.digitaltv.com.ar\/?p=1276","title":{"rendered":"\u201cMe encanta ejercer la docencia\u201d"},"content":{"rendered":"\n<p><em>Adri\u00e1n Samana es un tipo de los m\u00e1s queridos en el ambiente del f\u00fatbol pergaminense. Con su semblante serio, callado y s\u00faper respetuoso, se transform\u00f3 en uno de los entrenadores m\u00e1s capacitados conceptualmente, y en di\u00e1logo con La Gloria o Devoto, el hoy DT de Rancagua expres\u00f3 la satisfacci\u00f3n que le otorga ser cabeza de un grupo y ense\u00f1ar. Adem\u00e1s, el profe habl\u00f3 de la instituci\u00f3n, del posicionamiento que lograron en estos \u00faltimos meses en la liga local, y de la ambici\u00f3n de seguir creciendo jugando otra vez el Regional Amateur.<\/em><\/p>\n\n\n\n<p>Es reconocido por su actividad de profe, pero sin embargo Adri\u00e1n Samana rot\u00f3 por todos los sectores de un cuerpo t\u00e9cnico: \u201cEh tenido la posibilidad de pasar por todos los roles, de preparador f\u00edsico, ayudante de campo,DT, para ir cosechando, para lo que uno se va preparando. Antes de asumir como entrenador lo primero que hicieron fue aconsejarme estudiar Educaci\u00f3n F\u00edsica y fui cosechando cosas de lo que fui estudiando\u201d, explic\u00f3 el protagonista, que aclar\u00f3 sobre su preferencia: \u201cMe encanta ejercer la docencia en cuanto a la direcci\u00f3n t\u00e9cnica,me encanta el juego, lo otro siempre fue motivo de estudio y de seguir estando cerca de la profesi\u00f3n, pero me gusta ejercer la docencia en rol de t\u00e9cnico\u201d.<\/p>\n\n\n\n<p>Hoy por hoy, el PF est\u00e1 como cabeza de grupo de Rancagua, donde lleg\u00f3 de la mano de un amigo, como Miguel Scarf\u00f3: \u201cEs un club donde siempre se apunt\u00f3 a lo que se mejor\u00f3, otras condiciones en cuanto entrenamientos y que se mejore en lo que se puede ofrecer el fin de semana. Se llega a una instituci\u00f3n en donde uno se sinti\u00f3 c\u00f3modo, peleando los primeros puestos y es una motivaci\u00f3n para que se pueda seguir sosteniendo sin descuidar los otros aspectos. Las dos cosas van de la mano. Opto en el crecimiento de la instituci\u00f3n en cuanto infraestructura y el pelear bien arriba\u201d, manifest\u00f3.<\/p>\n\n\n\n<p>El elenco albiceleste comenz\u00f3 una etapa en la liga pergaminense plagada de \u00e9xitos, en la que lo encuentra en los primeros planos. No obstante, Samana prefiere la mesura: \u201cNosotros sentimos que estamos en el paso a paso, hay un recambio importante de jugadores, vamos en b\u00fasqueda de esas cosas y tenemos los pies sobre la tierra en que vamos creciendo paso a paso. Este grupo tiene sus herramientas para sacar adelante en este torneo, tenemos ambici\u00f3n y pelear los primeros planos\u201d, asegur\u00f3, y enseguida se refiri\u00f3 al triunfo 4 a 3 ante los del 12 de octubre del pasado s\u00e1bado: \u201cCuando arrancamos la semana pensamos en el rival y tomando nota en los aspectos a corregir del partido anterior. La gente que estuvo frente Alem vio un partido lindo, para nosotros contentos por llevarnos los tres puntos, pero consientes en que tenemos que mejorar el juego\u201d.<\/p>\n\n\n\n<p>Por eso ahora, el ex Argentino y Douglas persigue otras metas en la consolidaci\u00f3n de su plantel: \u201cEn el recambio vinieron chicos con cualidades individuales interesantes, a lo cual esos recursos sean ensamblados a lo colectivo. De mitad de cancha en adelante saben jugar el uno a uno y colectivamente y de mitad de cancha para atr\u00e1s se mantiene la base del equipo anterior. Buscamos la solidez defensiva\u201d, tir\u00f3.<\/p>\n\n\n\n<p>En el \u00faltimo Regional Amateur, su equipo particip\u00f3 sin demasiado \u00e9xito, aunque por lo que fue observando en el desenlace final, Adri\u00e1n quiere revancha en el certamen que se disputar\u00e1 nuevamente a partir de septiembre: \u201cLo primero a lo que se mira es en los planteles y despu\u00e9s es apreciar las condiciones de los clubes.A nivel nombres se pueden armar pero tambi\u00e9n terminan marcando las estructuras y las condiciones en las que se desarrollan las pr\u00e1cticas, por ejemplo Rivadavia de Lincoln. Las estructuras y los equipos competitivos, hay que ser realistas de los equipos que pueden llegar\u201d, cerr\u00f3.<\/p>\n","protected":false},"excerpt":{"rendered":"<p>Adri\u00e1n Samana es un tipo de los m\u00e1s queridos en el ambiente del f\u00fatbol pergaminense. Con su semblante serio, callado y s\u00faper respetuoso, se transform\u00f3 en uno de los entrenadores m\u00e1s capacitados conceptualmente, y en di\u00e1logo con La Gloria o Devoto, el hoy DT de Rancagua expres\u00f3 la satisfacci\u00f3n que le otorga ser cabeza de [&hellip;]<\/p>\n","protected":false},"author":7,"featured_media":1277,"comment_status":"open","ping_status":"open","sticky":false,"template":"","format":"standard","meta":{"_monsterinsights_skip_tracking":false,"_monsterinsights_sitenote_active":false,"_monsterinsights_sitenote_note":"","_monsterinsights_sitenote_category":0,"footnotes":""},"categories":[7],"tags":[170],"class_list":["post-1276","post","type-post","status-publish","format-standard","has-post-thumbnail","hentry","category-deportes","tag-170"],"_links":{"self":[{"href":"https:\/\/news.digitaltv.com.ar\/index.php?rest_route=\/wp\/v2\/posts\/1276","targetHints":{"allow":["GET"]}}],"collection":[{"href":"https:\/\/news.digitaltv.com.ar\/index.php?rest_route=\/wp\/v2\/posts"}],"about":[{"href":"https:\/\/news.digitaltv.com.ar\/index.php?rest_route=\/wp\/v2\/types\/post"}],"author":[{"embeddable":true,"href":"https:\/\/news.digitaltv.com.ar\/index.php?rest_route=\/wp\/v2\/users\/7"}],"replies":[{"embeddable":true,"href":"https:\/\/news.digitaltv.com.ar\/index.php?rest_route=%2Fwp%2Fv2%2Fcomments&post=1276"}],"version-history":[{"count":1,"href":"https:\/\/news.digitaltv.com.ar\/index.php?rest_route=\/wp\/v2\/posts\/1276\/revisions"}],"predecessor-version":[{"id":1278,"href":"https:\/\/news.digitaltv.com.ar\/index.php?rest_route=\/wp\/v2\/posts\/1276\/revisions\/1278"}],"wp:featuredmedia":[{"embeddable":true,"href":"https:\/\/news.digitaltv.com.ar\/index.php?rest_route=\/wp\/v2\/media\/1277"}],"wp:attachment":[{"href":"https:\/\/news.digitaltv.com.ar\/index.php?rest_route=%2Fwp%2Fv2%2Fmedia&parent=1276"}],"wp:term":[{"taxonomy":"category","embeddable":true,"href":"https:\/\/news.digitaltv.com.ar\/index.php?rest_route=%2Fwp%2Fv2%2Fcategories&post=1276"},{"taxonomy":"post_tag","embeddable":true,"href":"https:\/\/news.digitaltv.com.ar\/index.php?rest_route=%2Fwp%2Fv2%2Ftags&post=1276"}],"curies":[{"name":"wp","href":"https:\/\/api.w.org\/{rel}","templated":true}]}}