{"id":1395,"date":"2022-03-30T08:39:18","date_gmt":"2022-03-30T11:39:18","guid":{"rendered":"https:\/\/wp.digitaltv.com.ar\/?p=1395"},"modified":"2022-03-30T18:23:16","modified_gmt":"2022-03-30T21:23:16","slug":"hago-un-gol-por-ano-que-se-conformen-ja","status":"publish","type":"post","link":"https:\/\/news.digitaltv.com.ar\/?p=1395","title":{"rendered":"\u201cHago un gol por a\u00f1o, que se conformen, ja\u201d"},"content":{"rendered":"\n<p><em>El lateral derecho de Douglas, Nahuel G\u00f3mez, dialog\u00f3 con La Gloria o Devoto y se refiri\u00f3 al segundo tanto del rojinegro en la victoria del pasado domingo ante Depro, y tambi\u00e9n analiz\u00f3 el debut desde lo colectivo. Para el ex Central Norte, fue \u00f3ptimo el funcionamiento, y si bien deben corregir algunas cuestiones defensivas, est\u00e1 confiado en que ser\u00e1n protagonistas en el presente Federal A. Adem\u00e1s, el de Villa Gobernador G\u00e1lvez ya puso la mente en el pr\u00f3ximo encuentro, que ser\u00e1 el domingo a las 17 horas frente a Uni\u00f3n en Sunchales.<\/em><\/p>\n\n\n\n<p>Nahuel G\u00f3mez debut\u00f3 con la camiseta de Douglas el domingo ante Defensores de Pronunciamiento, y lo hizo con un gol para el 2 a 0 final: \u201cMucho mejor,porque sirvi\u00f3 para el equipo y para ganar\u201d, explic\u00f3 el defensor, que entre risas dio un veredicto: \u201cNo le doy mucha bola a eso,ya hab\u00eda avisado que la primera fecha hac\u00eda un gol. Hago un gol por a\u00f1o,que se conformen, ja\u201d.<\/p>\n\n\n\n<p>El estreno del rojinegro fue a toda furia, y el cansancio del cierre del partido fue producto de la expectativa reinante: \u201cNerviosismo no,ansiedad s\u00ed. Hace dos meses que est\u00e1bamos sin competir,hab\u00edamos hecho buenos amistosos y quer\u00edamos ver para qu\u00e9 est\u00e1bamos. Es muy lindo lo de la gente el s\u00e1bado en el banderazo,se sinti\u00f3 desde adentro el apoyo de la gente\u201d, manifest\u00f3 el ex Central Norte, que aclar\u00f3 sobre alg\u00fan desacople defensivo: \u201cEllos tienen jugadores de buen pie, juegan con los puntas y buscaban el tercer hombre a espaldas nuestras. Siempre es duro Depro y m\u00e1s en su cancha. Por suerte pudimos arrancar con el pie derecho\u201d. Y sobre sus lanzadas contantes al ataque, explic\u00f3: \u201cS\u00ed,es lo que me gusta hacer y lo que Gaby (Nasta) me pide, me dio la libertad de pasar al ataque\u201d.<\/p>\n\n\n\n<p>Si bien anot\u00f3 uno en a los 9\u00b4 del complemento, G\u00f3mez salv\u00f3 la igualdad parcial en la primera mitad, cuando se arroj\u00f3 al suelo y evit\u00f3 que Bravo la empuje a la red, por lo que se considera que en realidad \u201cconvirti\u00f3\u201d dos tantos: \u201cSe podr\u00eda decir que s\u00ed, fall\u00f3 en el cierre porque lo pas\u00f3 a Juani (Carrera), me tir\u00e9 y por suerte sali\u00f3 bien\u201d, asegur\u00f3, y luego analiz\u00f3 lo colectivo: \u201cMe gust\u00f3 mucho el funcionamiento. Por ah\u00ed no pudimos jugar mucho por el rival, pero fuimos efectivos\u201d. Sin embargo, hace autocr\u00edtica: \u201cHay muchas cosas por corregir, que ganando se hace m\u00e1s f\u00e1cil. Lo que nos pide Gaby es que no nos metamos atr\u00e1s, las pelotas filtradas se corrigen\u201d.<\/p>\n\n\n\n<p>Se viene Uni\u00f3n de Sunchales, y el de Villa Gobernador G\u00e1lvez afirma que no influye que el rival haya perdido en la fecha inicial: \u201cSon partidos distintos, van a jugar de local, con su gente, y van a quererse sacar un buen resultado. Queremos seguir en busca de esa senda\u201d, indic\u00f3, y dej\u00f3 bien en claro lo que ir\u00e1n a buscar a tierras santafesinas: \u201cA ganar, en cualquier cancha queremos ser siempre protagonistas\u201d.<\/p>\n\n\n\n<p>Acerca del \u201cBicho\u201d verde, Nahuel opina: \u201cLo vi un rato (versus Sarmiento de Chaco),tiene buen equipo, buenos laterales, tenemos que hacer lo nuestro que es lo que nos va a llevar a la victoria\u201d, asegur\u00f3, y cerr\u00f3 expresando para qu\u00e9 est\u00e1n en el certamen: \u201cPara pelear bien arriba y ser protagonista del torneo. Queremos llegar a la \u00faltima fecha con posibilidades\u201d.<\/p>\n","protected":false},"excerpt":{"rendered":"<p>El lateral derecho de Douglas, Nahuel G\u00f3mez, dialog\u00f3 con La Gloria o Devoto y se refiri\u00f3 al segundo tanto del rojinegro en la victoria del pasado domingo ante Depro, y tambi\u00e9n analiz\u00f3 el debut desde lo colectivo. Para el ex Central Norte, fue \u00f3ptimo el funcionamiento, y si bien deben corregir algunas cuestiones defensivas, est\u00e1 [&hellip;]<\/p>\n","protected":false},"author":7,"featured_media":1396,"comment_status":"open","ping_status":"open","sticky":false,"template":"","format":"standard","meta":{"_monsterinsights_skip_tracking":false,"_monsterinsights_sitenote_active":false,"_monsterinsights_sitenote_note":"","_monsterinsights_sitenote_category":0,"footnotes":""},"categories":[7],"tags":[170],"class_list":["post-1395","post","type-post","status-publish","format-standard","has-post-thumbnail","hentry","category-deportes","tag-170"],"_links":{"self":[{"href":"https:\/\/news.digitaltv.com.ar\/index.php?rest_route=\/wp\/v2\/posts\/1395","targetHints":{"allow":["GET"]}}],"collection":[{"href":"https:\/\/news.digitaltv.com.ar\/index.php?rest_route=\/wp\/v2\/posts"}],"about":[{"href":"https:\/\/news.digitaltv.com.ar\/index.php?rest_route=\/wp\/v2\/types\/post"}],"author":[{"embeddable":true,"href":"https:\/\/news.digitaltv.com.ar\/index.php?rest_route=\/wp\/v2\/users\/7"}],"replies":[{"embeddable":true,"href":"https:\/\/news.digitaltv.com.ar\/index.php?rest_route=%2Fwp%2Fv2%2Fcomments&post=1395"}],"version-history":[{"count":1,"href":"https:\/\/news.digitaltv.com.ar\/index.php?rest_route=\/wp\/v2\/posts\/1395\/revisions"}],"predecessor-version":[{"id":1397,"href":"https:\/\/news.digitaltv.com.ar\/index.php?rest_route=\/wp\/v2\/posts\/1395\/revisions\/1397"}],"wp:featuredmedia":[{"embeddable":true,"href":"https:\/\/news.digitaltv.com.ar\/index.php?rest_route=\/wp\/v2\/media\/1396"}],"wp:attachment":[{"href":"https:\/\/news.digitaltv.com.ar\/index.php?rest_route=%2Fwp%2Fv2%2Fmedia&parent=1395"}],"wp:term":[{"taxonomy":"category","embeddable":true,"href":"https:\/\/news.digitaltv.com.ar\/index.php?rest_route=%2Fwp%2Fv2%2Fcategories&post=1395"},{"taxonomy":"post_tag","embeddable":true,"href":"https:\/\/news.digitaltv.com.ar\/index.php?rest_route=%2Fwp%2Fv2%2Ftags&post=1395"}],"curies":[{"name":"wp","href":"https:\/\/api.w.org\/{rel}","templated":true}]}}