{"id":1418,"date":"2022-03-31T11:16:08","date_gmt":"2022-03-31T14:16:08","guid":{"rendered":"https:\/\/wp.digitaltv.com.ar\/?p=1418"},"modified":"2022-04-01T17:42:56","modified_gmt":"2022-04-01T20:42:56","slug":"cerruti-confirmo-que-fernandez-y-massa-trabajan-en-en-una-agenda-sobre-politicas-de-estado","status":"publish","type":"post","link":"https:\/\/news.digitaltv.com.ar\/?p=1418","title":{"rendered":"Cerruti confirm\u00f3 que Fern\u00e1ndez y Massa trabajan en &#8220;en una agenda sobre pol\u00edticas de Estado&#8221;"},"content":{"rendered":"\n<p>La portavoz de la Presidencia, Gabriela Cerruti, afirm\u00f3 hoy que el presidente Alberto Fern\u00e1ndez y el titular de la C\u00e1mara de Diputados, Sergio Massa, avanzan en la definici\u00f3n de &#8220;en una agenda de trabajo&#8221; parlamentaria para &#8220;construir pol\u00edticas de Estado&#8221; con la oposici\u00f3n.<\/p>\n\n\n\n<p>Sobre estos di\u00e1logos que se impulsan desde el oficialismo a nivel parlamentario, la portavoz indic\u00f3 que \u201cSergio Massa est\u00e1 llevando adelante conversaciones en acuerdo con el Presidente para que se puedan hacer en el a\u00f1o parlamentario una cantidad de proyectos que tienen que salir\u201d.<\/p>\n\n\n\n<p>Por su parte, continu\u00f3 Cerruti, \u201cel Presidente est\u00e1 teniendo reuniones con empresarios, sindicalistas, miembros de la sociedad Civil y organizaciones sociales que nos permitan consolidar este momento de crecimiento econ\u00f3mico\u201d.<\/p>\n\n\n\n<p>La portavoz dijo que el objetivo de estos encuentros es \u201cavanzar en la gran batalla que tiene que ver con los precios de los alimentos y la inflaci\u00f3n\u201d.<\/p>\n\n\n\n<p>Tras repasar diferentes indicadores econ\u00f3micos, Cerruti evalu\u00f3 que \u201cla actividad econ\u00f3mica refleja niveles prepandemia&#8221; y consider\u00f3 que se asiste a &#8220;un momento bisagra de la Argentina\u201d.<\/p>\n\n\n\n<p>Al insistir con la rueda de di\u00e1logos que mantiene el Gobierno nacional, la portavoz de la Presidencia remarc\u00f3 que \u201cse llevan adelante conversaciones con todos los sectores&#8221; y sostuvo que &#8220;estas conversaciones tienen que traducirse en pactos y acuerdos pol\u00edticos y sociales para consolidar el crecimiento econ\u00f3mico\u201d.<\/p>\n\n\n\n<p>En relaci\u00f3n al di\u00e1logo con el sector empresario, agreg\u00f3 que \u201ctodas las medidas que se toman apuntan a cuidar la mesa de los argentinos\u201d, en alusi\u00f3n a los precios y la inflaci\u00f3n.<\/p>\n\n\n\n<p>La vocera explic\u00f3 que \u201cya llegamos a un acuerdo con las molineras\u201d para retrotraer el precio del pan y dijo que se trata \u201cno solo de la inflaci\u00f3n\u201d sino de la \u201credistribuci\u00f3n, ya que el crecimiento no derrama por s\u00ed solo y hay que distribuirlo para que sea justo para todos y todas\u201d.<\/p>\n","protected":false},"excerpt":{"rendered":"<p>La portavoz de la Presidencia, Gabriela Cerruti, afirm\u00f3 hoy que el presidente Alberto Fern\u00e1ndez y el titular de la C\u00e1mara de Diputados, Sergio Massa, avanzan en la definici\u00f3n de &#8220;en una agenda de trabajo&#8221; parlamentaria para &#8220;construir pol\u00edticas de Estado&#8221; con la oposici\u00f3n. Sobre estos di\u00e1logos que se impulsan desde el oficialismo a nivel parlamentario, [&hellip;]<\/p>\n","protected":false},"author":1,"featured_media":1419,"comment_status":"open","ping_status":"open","sticky":false,"template":"","format":"standard","meta":{"_monsterinsights_skip_tracking":false,"_monsterinsights_sitenote_active":false,"_monsterinsights_sitenote_note":"","_monsterinsights_sitenote_category":0,"footnotes":""},"categories":[6],"tags":[160],"class_list":["post-1418","post","type-post","status-publish","format-standard","has-post-thumbnail","hentry","category-politica","tag-160"],"_links":{"self":[{"href":"https:\/\/news.digitaltv.com.ar\/index.php?rest_route=\/wp\/v2\/posts\/1418","targetHints":{"allow":["GET"]}}],"collection":[{"href":"https:\/\/news.digitaltv.com.ar\/index.php?rest_route=\/wp\/v2\/posts"}],"about":[{"href":"https:\/\/news.digitaltv.com.ar\/index.php?rest_route=\/wp\/v2\/types\/post"}],"author":[{"embeddable":true,"href":"https:\/\/news.digitaltv.com.ar\/index.php?rest_route=\/wp\/v2\/users\/1"}],"replies":[{"embeddable":true,"href":"https:\/\/news.digitaltv.com.ar\/index.php?rest_route=%2Fwp%2Fv2%2Fcomments&post=1418"}],"version-history":[{"count":1,"href":"https:\/\/news.digitaltv.com.ar\/index.php?rest_route=\/wp\/v2\/posts\/1418\/revisions"}],"predecessor-version":[{"id":1420,"href":"https:\/\/news.digitaltv.com.ar\/index.php?rest_route=\/wp\/v2\/posts\/1418\/revisions\/1420"}],"wp:featuredmedia":[{"embeddable":true,"href":"https:\/\/news.digitaltv.com.ar\/index.php?rest_route=\/wp\/v2\/media\/1419"}],"wp:attachment":[{"href":"https:\/\/news.digitaltv.com.ar\/index.php?rest_route=%2Fwp%2Fv2%2Fmedia&parent=1418"}],"wp:term":[{"taxonomy":"category","embeddable":true,"href":"https:\/\/news.digitaltv.com.ar\/index.php?rest_route=%2Fwp%2Fv2%2Fcategories&post=1418"},{"taxonomy":"post_tag","embeddable":true,"href":"https:\/\/news.digitaltv.com.ar\/index.php?rest_route=%2Fwp%2Fv2%2Ftags&post=1418"}],"curies":[{"name":"wp","href":"https:\/\/api.w.org\/{rel}","templated":true}]}}