{"id":1462,"date":"2022-04-01T08:59:09","date_gmt":"2022-04-01T11:59:09","guid":{"rendered":"https:\/\/wp.digitaltv.com.ar\/?p=1462"},"modified":"2022-04-01T17:37:38","modified_gmt":"2022-04-01T20:37:38","slug":"nada-depro-bar","status":"publish","type":"post","link":"https:\/\/news.digitaltv.com.ar\/?p=1462","title":{"rendered":"Nada Depro (bar)"},"content":{"rendered":"\n<p><em>Tras el comienzo triunfal en el campeonato ante Defensores de Pronunciamiento, Gabriel Nasta no tocar\u00e1 el once que se impuso en el debut, de cara al choque del pr\u00f3ximo domingo a las 17 horas frente a Uni\u00f3n de Sunchales. Douglas hizo f\u00fatbol en la pr\u00e1ctica de este jueves por la tarde celebrada en el \u201cMorumb\u00ed\u201d, donde el \u201cFlaco\u201d par\u00f3 el mismo elenco del estreno, y con el que intentar\u00e1 conseguir otros tres puntos en tierras santafesinas, en un encuentro que contar\u00e1 con el arbitraje de Joaqu\u00edn Gil, de Sam Pedro.<\/em><\/p>\n\n\n\n<p>Equipo que gana no se toca, reza el viejo adagio futbolero, y Gabriel Nasta parece mantenerlo al pie de la letra, o al menos no hay motivos para hacer variantes, ya que en el debut su Douglas mostr\u00f3 un rendimiento alto y sum\u00f3 tres puntos frente a Depro.<\/p>\n\n\n\n<p>Por eso, al DT del rojinegro ni se le pas\u00f3 por la cabeza modificar el once que venci\u00f3 a Defensores de Pronunciamientode local, pensando en el choque del pr\u00f3ximo domingo a las 17 horas en Sunchales ante Uni\u00f3n, en el que ir\u00e1n en b\u00fasqueda de otra victoria que lo deje en la cima del campeonato Federal A.<\/p>\n\n\n\n<p>Esto qued\u00f3 reflejado en la pr\u00e1ctica de este jueves por la tarde que se celebr\u00f3 en el \u201cMorumb\u00ed\u201d, y en el que el cuerpo t\u00e9cnico confirm\u00f3 lo ensayado tambi\u00e9n el mi\u00e9rcoles en un t\u00e1ctico, es decir, los mismos apellidos que contra los de Sergio Chitero.<\/p>\n\n\n\n<p>Los que arrancaron en el team titular fueron Carrera; G\u00f3mez, L. L\u00f3pez, Albornoz, Barbero; E. L\u00f3pez, Gallucci Otero, Moreno; Mazza, Siergiejuk y Caballuci, en tanto qu<a><\/a>e del otro lado estuvieron Henricot; Borba, Bonello, Zorrilla Rojas, Mauri; Pereyra, Seratto, De Gaetani, Disanto; Grosso y Johansen.<\/p>\n\n\n\n<p>Al cabo de unos minutos, hubo cambios aunque en el elenco de los suplentes, porque ingresaron Su\u00e1rez, Coronel, Sarmiento, Dinatale y Beiro, por Grosso, Johansen, Zorrilla Rojas, Disanto y Henricot.<\/p>\n\n\n\n<p>El viernes ser\u00e1 el turno de otra rutina futbol\u00edstica, en la que se pulir\u00e1n detalles con vistas al encuentro versus los dirigidos por Walter Grazziosi, el cual contar\u00e1 con el arbitraje de Joaqu\u00edn Gil, de San Pedro.<\/p>\n","protected":false},"excerpt":{"rendered":"<p>Tras el comienzo triunfal en el campeonato ante Defensores de Pronunciamiento, Gabriel Nasta no tocar\u00e1 el once que se impuso en el debut, de cara al choque del pr\u00f3ximo domingo a las 17 horas frente a Uni\u00f3n de Sunchales. Douglas hizo f\u00fatbol en la pr\u00e1ctica de este jueves por la tarde celebrada en el \u201cMorumb\u00ed\u201d, [&hellip;]<\/p>\n","protected":false},"author":7,"featured_media":1463,"comment_status":"open","ping_status":"open","sticky":false,"template":"","format":"standard","meta":{"_monsterinsights_skip_tracking":false,"_monsterinsights_sitenote_active":false,"_monsterinsights_sitenote_note":"","_monsterinsights_sitenote_category":0,"footnotes":""},"categories":[7],"tags":[170],"class_list":["post-1462","post","type-post","status-publish","format-standard","has-post-thumbnail","hentry","category-deportes","tag-170"],"_links":{"self":[{"href":"https:\/\/news.digitaltv.com.ar\/index.php?rest_route=\/wp\/v2\/posts\/1462","targetHints":{"allow":["GET"]}}],"collection":[{"href":"https:\/\/news.digitaltv.com.ar\/index.php?rest_route=\/wp\/v2\/posts"}],"about":[{"href":"https:\/\/news.digitaltv.com.ar\/index.php?rest_route=\/wp\/v2\/types\/post"}],"author":[{"embeddable":true,"href":"https:\/\/news.digitaltv.com.ar\/index.php?rest_route=\/wp\/v2\/users\/7"}],"replies":[{"embeddable":true,"href":"https:\/\/news.digitaltv.com.ar\/index.php?rest_route=%2Fwp%2Fv2%2Fcomments&post=1462"}],"version-history":[{"count":1,"href":"https:\/\/news.digitaltv.com.ar\/index.php?rest_route=\/wp\/v2\/posts\/1462\/revisions"}],"predecessor-version":[{"id":1464,"href":"https:\/\/news.digitaltv.com.ar\/index.php?rest_route=\/wp\/v2\/posts\/1462\/revisions\/1464"}],"wp:featuredmedia":[{"embeddable":true,"href":"https:\/\/news.digitaltv.com.ar\/index.php?rest_route=\/wp\/v2\/media\/1463"}],"wp:attachment":[{"href":"https:\/\/news.digitaltv.com.ar\/index.php?rest_route=%2Fwp%2Fv2%2Fmedia&parent=1462"}],"wp:term":[{"taxonomy":"category","embeddable":true,"href":"https:\/\/news.digitaltv.com.ar\/index.php?rest_route=%2Fwp%2Fv2%2Fcategories&post=1462"},{"taxonomy":"post_tag","embeddable":true,"href":"https:\/\/news.digitaltv.com.ar\/index.php?rest_route=%2Fwp%2Fv2%2Ftags&post=1462"}],"curies":[{"name":"wp","href":"https:\/\/api.w.org\/{rel}","templated":true}]}}