{"id":1480,"date":"2022-04-01T11:35:35","date_gmt":"2022-04-01T14:35:35","guid":{"rendered":"https:\/\/wp.digitaltv.com.ar\/?p=1480"},"modified":"2022-04-03T09:52:23","modified_gmt":"2022-04-03T12:52:23","slug":"desprotegidos","status":"publish","type":"post","link":"https:\/\/news.digitaltv.com.ar\/?p=1480","title":{"rendered":"Desprotegidos"},"content":{"rendered":"\n<p>Ayer por la tarde la comunidad pergaminense se vio sacudida por una noticia que primero nos dej\u00f3 perplejos, despu\u00e9s nos llen\u00f3 de bronca, de impotencia, de furia.<\/p>\n\n\n\n<p>El asesinato de Fernando Liguori, reconocido ciudadano, enluto a un Pergamino que aun no sale del estupor por la forma en la que unos delincuentes le arrebataron la vida en tan solo un segundo.<\/p>\n\n\n\n<p>Las redes sociales, los mensajes de WhatSapp inmediatamente se inundaron de tristeza, y de apoyo a la familia del \u201cPoroto\u201d Liguori.<\/p>\n\n\n\n<p>Pergamino hace rato que dej\u00f3 de ser el Pergamino seguro, y no hablo el de veinte a\u00f1os atr\u00e1s, sino el de hace tan poco, un par de a\u00f1os. El tejido social de la ciudad fue mutando, se fue resquebrajando como el del pa\u00eds, por supuesto. El te \u201croban por nada\u201d lleg\u00f3, y no sacudi\u00f3 de la forma m\u00e1s cruel e injusta.<\/p>\n\n\n\n<p>Nos fuimos acostumbrando al robo, al hurto, a mirar para atr\u00e1s todo el tiempo, el calco de otras ciudades.<\/p>\n\n\n\n<p>\u00bfC\u00f3mo transformar el enojo, el dolor masivo en algo positivo y productivo?<\/p>\n\n\n\n<p>\u00bfHoy alg\u00fan pol\u00edtico de la ciudad sali\u00f3 a repudiar este hecho?, \u00bfAlguno se pronunci\u00f3 al respecto?, \u00bfAquellos que les gusta lanzar dardos por las redes sociales lament\u00e1ndose por los refugiados ucranianos salieron a expresarse por el dolor de un pergaminense asesinado por la delincuencia?<\/p>\n\n\n\n<p>\u00bfCu\u00e1ntos proyectos de los ediles hay sobre c\u00f3mo frenar la inseguridad en Pergamino?, \u00bfAlguien se puso a trabajar de verdad en esta tem\u00e1tica o vamos a seguir pensando en cambiarle el nombre a una calle o c\u00f3mo deambulan los animales de gran porte por la ciudad?<\/p>\n\n\n\n<p>\u00bfQu\u00e9 dir\u00e1n los que apoyan el garantismo hoy? Y no se trata de pedir mano dura, lejos de eso, sino de cumplir con la ley.<\/p>\n\n\n\n<p>Vamos a escuchar que la culpa la tiene el Gobierno Nacional, Provincial, Municipal\u2026como si fuera \u201cel gran bonete\u201d\u2026Tirarse la pelota unos a otros<\/p>\n\n\n\n<p>\u00bfLa muerte de Fernando Liguori ser\u00e1 una estad\u00edstica m\u00e1s? \u00bfQu\u00e9 responsabilidad tenemos como ciudadanos? \u00bfQu\u00e9 responsabilidad tenemos como comunicadores?<\/p>\n\n\n\n<p>Ojal\u00e1 Pergamino despierte. Ojal\u00e1 Pergamino salga de este letargo. Ojal\u00e1 la muerte de Fernando no sea en vano. Y ojal\u00e1, sobre todo, no nos acostumbremos porque eso es lo peor que nos puede pasar como sociedad. \u00a0<\/p>\n","protected":false},"excerpt":{"rendered":"<p>Ayer por la tarde la comunidad pergaminense se vio sacudida por una noticia que primero nos dej\u00f3 perplejos, despu\u00e9s nos llen\u00f3 de bronca, de impotencia, de furia. El asesinato de Fernando Liguori, reconocido ciudadano, enluto a un Pergamino que aun no sale del estupor por la forma en la que unos delincuentes le arrebataron la [&hellip;]<\/p>\n","protected":false},"author":3,"featured_media":1486,"comment_status":"open","ping_status":"open","sticky":false,"template":"","format":"standard","meta":{"_monsterinsights_skip_tracking":false,"_monsterinsights_sitenote_active":false,"_monsterinsights_sitenote_note":"","_monsterinsights_sitenote_category":0,"footnotes":""},"categories":[152],"tags":[158],"class_list":["post-1480","post","type-post","status-publish","format-standard","has-post-thumbnail","hentry","category-pergamino","tag-158"],"_links":{"self":[{"href":"https:\/\/news.digitaltv.com.ar\/index.php?rest_route=\/wp\/v2\/posts\/1480","targetHints":{"allow":["GET"]}}],"collection":[{"href":"https:\/\/news.digitaltv.com.ar\/index.php?rest_route=\/wp\/v2\/posts"}],"about":[{"href":"https:\/\/news.digitaltv.com.ar\/index.php?rest_route=\/wp\/v2\/types\/post"}],"author":[{"embeddable":true,"href":"https:\/\/news.digitaltv.com.ar\/index.php?rest_route=\/wp\/v2\/users\/3"}],"replies":[{"embeddable":true,"href":"https:\/\/news.digitaltv.com.ar\/index.php?rest_route=%2Fwp%2Fv2%2Fcomments&post=1480"}],"version-history":[{"count":2,"href":"https:\/\/news.digitaltv.com.ar\/index.php?rest_route=\/wp\/v2\/posts\/1480\/revisions"}],"predecessor-version":[{"id":1592,"href":"https:\/\/news.digitaltv.com.ar\/index.php?rest_route=\/wp\/v2\/posts\/1480\/revisions\/1592"}],"wp:featuredmedia":[{"embeddable":true,"href":"https:\/\/news.digitaltv.com.ar\/index.php?rest_route=\/wp\/v2\/media\/1486"}],"wp:attachment":[{"href":"https:\/\/news.digitaltv.com.ar\/index.php?rest_route=%2Fwp%2Fv2%2Fmedia&parent=1480"}],"wp:term":[{"taxonomy":"category","embeddable":true,"href":"https:\/\/news.digitaltv.com.ar\/index.php?rest_route=%2Fwp%2Fv2%2Fcategories&post=1480"},{"taxonomy":"post_tag","embeddable":true,"href":"https:\/\/news.digitaltv.com.ar\/index.php?rest_route=%2Fwp%2Fv2%2Ftags&post=1480"}],"curies":[{"name":"wp","href":"https:\/\/api.w.org\/{rel}","templated":true}]}}