{"id":1639,"date":"2022-04-04T14:34:25","date_gmt":"2022-04-04T17:34:25","guid":{"rendered":"https:\/\/wp.digitaltv.com.ar\/?p=1639"},"modified":"2022-04-04T15:01:11","modified_gmt":"2022-04-04T18:01:11","slug":"jornadas-nacionales-de-formacion-profesional-sin-oclusion-no-hay-adhesion","status":"publish","type":"post","link":"https:\/\/news.digitaltv.com.ar\/?p=1639","title":{"rendered":"Jornadas Nacionales de Formaci\u00f3n Profesional \u201cSIN OCLUSI\u00d3N NO HAY ADHESI\u00d3N\u201d"},"content":{"rendered":"\n<p>Los d\u00edas 7 y 8 de abril de 2022 se realizar\u00e1n en la Sede de la UNNOBA Pergamino las Jornadas Nacionales<a><\/a> de Formaci\u00f3n Profesional \u201cSIN OCLUSI\u00d3N NO HAY ADHESI\u00d3N\u201d<\/p>\n\n\n\n<p>Las Jornadas fueron declaradas de Inter\u00e9s Municipal por el Gobierno y el Concejo Deliberante de Pergamino.<\/p>\n\n\n\n<p><strong>Las mismasson de alcance nacional, organizadas por la prestigiosa Asociaci\u00f3n Prostod\u00f3ntica Argentina, seccional de la Asociaci\u00f3n Odontol\u00f3gica Argentina, quien eligi\u00f3 al Circulo Odontol\u00f3gico de Pergamino como co-organizador.<\/strong><\/p>\n\n\n\n<p>Con m\u00e1s de 500 profesionales inscriptos (220 presenciales y&nbsp; &nbsp;322que asistir\u00e1n de manera virtual) de todo el territorio nacional y participantes de pa\u00edses latinoamericanos, de \u00e9sta manera se vuelve a la presencialidad, con el objetivo principal de promover la formaci\u00f3n de los profesionales del pa\u00eds, nuestra ciudad y de la regi\u00f3n.<\/p>\n\n\n\n<p><strong>El C\u00edrculo Odontol\u00f3gico de Pergamino contin\u00faa apuntando a la formaci\u00f3n de excelencia de los profesionales de la ciudad y la regi\u00f3n. &nbsp;Desde hace siete a\u00f1os la capacitaci\u00f3n se sostuvo cada a\u00f1o; formando continuamente a m\u00e1s del 40 % de los profesionales de la ciudad con la realizaci\u00f3n de cerca de veinte cursos presenciales de r\u00e1pida implementaci\u00f3n en la pr\u00e1ctica diaria. <\/strong><strong><\/strong><\/p>\n\n\n\n<p>La Asociaci\u00f3n Prostod\u00f3ntica Argentina es una entidad de car\u00e1cter cient\u00edfico y cultural, constituida a los efectos de propender al estudio y desarrollo de la pr\u00f3tesis y entre sus objetivos principales figuran la realizaci\u00f3n de conferencias, cursos, demostraciones, as\u00ed como la promoci\u00f3n de la investigaci\u00f3n sobre temas de pr\u00f3tesis cl\u00ednica, de laboratorio y pr\u00f3tesis dental<\/p>\n\n\n\n<p>Entre los disertantes, participar\u00e1 el Profesor An\u00edbal Alonso, considerado uno de los especialistas latinoamericano y mundial m\u00e1s importantes en la tem\u00e1tica de oclusi\u00f3n.&nbsp;<\/p>\n\n\n\n<p><strong>\u00bfQu\u00e9 significa Oclusi\u00f3n y Adhesi\u00f3n?<\/strong><\/p>\n\n\n\n<p>La oclusi\u00f3n permite utilizar el normal funcionamiento de la boca y la adhesi\u00f3n es el futuro de la profesi\u00f3n. Sistema que es mucho m\u00e1s preventivo, prolongando la vida \u00fatil a las piezas dentar\u00edas, punto muy importante ya que la expectativa de vida, es m\u00e1s larga, por ende nuestras restauraciones deber\u00e1n estar m\u00e1s tiempo funcionando en la boca. De esta forma se evitar\u00edan la p\u00e9rdida de piezas prematuramente. Por ello sabemos que es sumamente necesario formar a los profesionales odont\u00f3logos en las t\u00e9cnicas adhesivas, por un mecanismo preventivo y menos agresivos sobres las piezas dentar\u00edas.<\/p>\n\n\n\n<p>La Oclusi\u00f3n es el mecanismo de engranaje de las restauraciones o piezas dentarias; ya que si esto no existe cualquier restauraci\u00f3n realizada por un odont\u00f3logo las piezas naturales trabajar\u00edan con un mal funcionamiento. Com\u00fanmente llamado <strong><em>\u201calineaci\u00f3n y balanceo de la boca\u201d<\/em><\/strong><\/p>\n","protected":false},"excerpt":{"rendered":"<p>Los d\u00edas 7 y 8 de abril de 2022 se realizar\u00e1n en la Sede de la UNNOBA Pergamino las Jornadas Nacionales de Formaci\u00f3n Profesional \u201cSIN OCLUSI\u00d3N NO HAY ADHESI\u00d3N\u201d Las Jornadas fueron declaradas de Inter\u00e9s Municipal por el Gobierno y el Concejo Deliberante de Pergamino. Las mismasson de alcance nacional, organizadas por la prestigiosa Asociaci\u00f3n [&hellip;]<\/p>\n","protected":false},"author":2,"featured_media":1640,"comment_status":"open","ping_status":"open","sticky":false,"template":"","format":"standard","meta":{"_monsterinsights_skip_tracking":false,"_monsterinsights_sitenote_active":false,"_monsterinsights_sitenote_note":"","_monsterinsights_sitenote_category":0,"footnotes":""},"categories":[151],"tags":[160],"class_list":["post-1639","post","type-post","status-publish","format-standard","has-post-thumbnail","hentry","category-salud","tag-160"],"_links":{"self":[{"href":"https:\/\/news.digitaltv.com.ar\/index.php?rest_route=\/wp\/v2\/posts\/1639","targetHints":{"allow":["GET"]}}],"collection":[{"href":"https:\/\/news.digitaltv.com.ar\/index.php?rest_route=\/wp\/v2\/posts"}],"about":[{"href":"https:\/\/news.digitaltv.com.ar\/index.php?rest_route=\/wp\/v2\/types\/post"}],"author":[{"embeddable":true,"href":"https:\/\/news.digitaltv.com.ar\/index.php?rest_route=\/wp\/v2\/users\/2"}],"replies":[{"embeddable":true,"href":"https:\/\/news.digitaltv.com.ar\/index.php?rest_route=%2Fwp%2Fv2%2Fcomments&post=1639"}],"version-history":[{"count":1,"href":"https:\/\/news.digitaltv.com.ar\/index.php?rest_route=\/wp\/v2\/posts\/1639\/revisions"}],"predecessor-version":[{"id":1641,"href":"https:\/\/news.digitaltv.com.ar\/index.php?rest_route=\/wp\/v2\/posts\/1639\/revisions\/1641"}],"wp:featuredmedia":[{"embeddable":true,"href":"https:\/\/news.digitaltv.com.ar\/index.php?rest_route=\/wp\/v2\/media\/1640"}],"wp:attachment":[{"href":"https:\/\/news.digitaltv.com.ar\/index.php?rest_route=%2Fwp%2Fv2%2Fmedia&parent=1639"}],"wp:term":[{"taxonomy":"category","embeddable":true,"href":"https:\/\/news.digitaltv.com.ar\/index.php?rest_route=%2Fwp%2Fv2%2Fcategories&post=1639"},{"taxonomy":"post_tag","embeddable":true,"href":"https:\/\/news.digitaltv.com.ar\/index.php?rest_route=%2Fwp%2Fv2%2Ftags&post=1639"}],"curies":[{"name":"wp","href":"https:\/\/api.w.org\/{rel}","templated":true}]}}