{"id":1734,"date":"2022-04-08T08:28:42","date_gmt":"2022-04-08T11:28:42","guid":{"rendered":"https:\/\/wp.digitaltv.com.ar\/?p=1734"},"modified":"2022-04-08T10:59:42","modified_gmt":"2022-04-08T13:59:42","slug":"junto-a-cabandie-kicillof-encabeza-lanzamiento-plan-de-gestion-de-ministerio-de-ambiente-bonaerense","status":"publish","type":"post","link":"https:\/\/news.digitaltv.com.ar\/?p=1734","title":{"rendered":"Junto a Cabandie, Kicillof encabeza lanzamiento Plan de Gesti\u00f3n de Ministerio de Ambiente bonaerense"},"content":{"rendered":"\n<p>El gobernador de la provincia de Buenos Aires, Axel Kicillof, y la ministra de Ambiente bonaerense, Daniela Vilar, encabezar\u00e1n hoy el lanzamiento del Plan de Gesti\u00f3n de esa cartera en el Estadio \u00danico &#8220;Diego Maradona&#8221; de la ciudad de La Plata, se inform\u00f3 oficialmente.<\/p>\n\n\n\n<p>Antes del acto, previsto para las 10, del que participar\u00e1n otros miembros del gabinete e intendentes, as\u00ed como el ministro de Ambiente nacional, Juan Cabandi\u00e9, se realizar\u00e1 una recorrida por stands con actividades did\u00e1cticas, talleres e informaci\u00f3n sobre las pol\u00edticas p\u00fablicas del Ministerio de Ambiente.<\/p>\n\n\n\n<p>Desde el gobierno se precis\u00f3 que en el encuentro se presentar\u00e1n las pol\u00edticas p\u00fablicas del Ministerio ordenadas en los ejes: gesti\u00f3n de residuos, fortalecimiento de \u00e1reas protegidas y espacios verdes, humedales, transici\u00f3n ecol\u00f3gica y cambio clim\u00e1tico, alimentaci\u00f3n , sustentable, educaci\u00f3n ambiental y participaci\u00f3n ciudadana, y producci\u00f3n sustentable.<\/p>\n\n\n\n<p>Daniela Vilar asumi\u00f3 como ministra bonaerense en diciembre pasado tras desempe\u00f1arse como diputada nacional.<\/p>\n\n\n\n<p>Oriunda de Lomas de Zamora, es licenciada en Ciencias Pol\u00edticas de la Universidad de Buenos Aires, realiz\u00f3 un posgrado en Desarrollo Local y Econom\u00eda Social en FLACSO y es Mag\u00edster en Pol\u00edticas P\u00fablicas de la Universidad de San Andr\u00e9s.<\/p>\n","protected":false},"excerpt":{"rendered":"<p>El gobernador de la provincia de Buenos Aires, Axel Kicillof, y la ministra de Ambiente bonaerense, Daniela Vilar, encabezar\u00e1n hoy el lanzamiento del Plan de Gesti\u00f3n de esa cartera en el Estadio \u00danico &#8220;Diego Maradona&#8221; de la ciudad de La Plata, se inform\u00f3 oficialmente. Antes del acto, previsto para las 10, del que participar\u00e1n otros [&hellip;]<\/p>\n","protected":false},"author":1,"featured_media":1405,"comment_status":"open","ping_status":"open","sticky":false,"template":"","format":"standard","meta":{"_monsterinsights_skip_tracking":false,"_monsterinsights_sitenote_active":false,"_monsterinsights_sitenote_note":"","_monsterinsights_sitenote_category":0,"footnotes":""},"categories":[6],"tags":[170],"class_list":["post-1734","post","type-post","status-publish","format-standard","has-post-thumbnail","hentry","category-politica","tag-170"],"_links":{"self":[{"href":"https:\/\/news.digitaltv.com.ar\/index.php?rest_route=\/wp\/v2\/posts\/1734","targetHints":{"allow":["GET"]}}],"collection":[{"href":"https:\/\/news.digitaltv.com.ar\/index.php?rest_route=\/wp\/v2\/posts"}],"about":[{"href":"https:\/\/news.digitaltv.com.ar\/index.php?rest_route=\/wp\/v2\/types\/post"}],"author":[{"embeddable":true,"href":"https:\/\/news.digitaltv.com.ar\/index.php?rest_route=\/wp\/v2\/users\/1"}],"replies":[{"embeddable":true,"href":"https:\/\/news.digitaltv.com.ar\/index.php?rest_route=%2Fwp%2Fv2%2Fcomments&post=1734"}],"version-history":[{"count":1,"href":"https:\/\/news.digitaltv.com.ar\/index.php?rest_route=\/wp\/v2\/posts\/1734\/revisions"}],"predecessor-version":[{"id":1735,"href":"https:\/\/news.digitaltv.com.ar\/index.php?rest_route=\/wp\/v2\/posts\/1734\/revisions\/1735"}],"wp:featuredmedia":[{"embeddable":true,"href":"https:\/\/news.digitaltv.com.ar\/index.php?rest_route=\/wp\/v2\/media\/1405"}],"wp:attachment":[{"href":"https:\/\/news.digitaltv.com.ar\/index.php?rest_route=%2Fwp%2Fv2%2Fmedia&parent=1734"}],"wp:term":[{"taxonomy":"category","embeddable":true,"href":"https:\/\/news.digitaltv.com.ar\/index.php?rest_route=%2Fwp%2Fv2%2Fcategories&post=1734"},{"taxonomy":"post_tag","embeddable":true,"href":"https:\/\/news.digitaltv.com.ar\/index.php?rest_route=%2Fwp%2Fv2%2Ftags&post=1734"}],"curies":[{"name":"wp","href":"https:\/\/api.w.org\/{rel}","templated":true}]}}