{"id":1745,"date":"2022-04-08T11:38:29","date_gmt":"2022-04-08T14:38:29","guid":{"rendered":"https:\/\/wp.digitaltv.com.ar\/?p=1745"},"modified":"2022-04-11T23:07:12","modified_gmt":"2022-04-12T02:07:12","slug":"la-empanada-es-el-tercer-alimento-mas-consumido-por-los-argentinos-y-la-mas-elegida-es-la-de-carne","status":"publish","type":"post","link":"https:\/\/news.digitaltv.com.ar\/?p=1745","title":{"rendered":"La empanada es el tercer alimento m\u00e1s consumido por los argentinos y la m\u00e1s elegida es la de carne"},"content":{"rendered":"\n<p>La empanada es el tercer alimento m\u00e1s consumidos en Argentina y el relleno predilecto es el de carne, seg\u00fan un ranking realizado por la Asociaci\u00f3n Propietarios de Pizzer\u00edas y Casas de Empanadas (Apyce) al celebrarse hoy el D\u00eda Internacional de esta comida tan popular en el pa\u00eds y con singularidades de acuerdo a las regiones donde se elaboran.<\/p>\n\n\n\n<p>&#8220;Los argentinos comemos muchas empanadas. Hoy, la empanada argentina viaja por el mundo, se encuentra en Espa\u00f1a, Francia o Estados Unidos&#8221;, resalt\u00f3 en di\u00e1logo con T\u00e9lam Federico Dom\u00ednguez Font\u00e1n, maestro pizzero profesional que vive en Bariloche y jurado del Campeonato Argentino de la pizza y la Empanada en el 2018 y 2019.<\/p>\n\n\n\n<p>Seg\u00fan un estudio realizado por la Apyce, la empanada es el tercer alimento de los cinco m\u00e1s consumidos en Argentina y los gustos m\u00e1s elegidos por los argentinos son el de carne, con un 28 por ciento, seguido del relleno de jam\u00f3n y queso con 20 por ciento y en tercer lugar la empanada de pollo con un 17 por ciento.<\/p>\n\n\n\n<p>M\u00e1s abajo en el podio, fueron elegidas con un 9 por ciento la de cebolla y queso, la de capresse con 7 por ciento, al igual que la de carne picante, 6 por ciento para la de verdura, 4 por ciento para la de humita, y por \u00faltimo la de roquefort con un 2 por ciento.<\/p>\n\n\n\n<p>&#8220;Hist\u00f3ricamente se consumen empanadas desde que los espa\u00f1oles las trajeron a Am\u00e9rica, que a ellos les llega a trav\u00e9s de ellos \u00e1rabes, y hoy nosotros las estamos llevando de nuevo a Europa&#8221;, indic\u00f3 Rodolfo Daniel Ib\u00e1\u00f1ez, de la asociaci\u00f3n.<\/p>\n\n\n\n<p>Otra curiosidad se\u00f1alada por Ib\u00e1\u00f1ez es que la empanada de carne -la m\u00e1s elegida por los argentinos- &#8220;lleva trece dobleces, por los doce ap\u00f3stoles m\u00e1s Jes\u00fas&#8221;.<\/p>\n\n\n\n<p>Por su parte, Font\u00e1n remarc\u00f3 que &#8220;la Argentina se destaca por tener empanadas por regiones, como las tucumanas, con 13 repulgues, las salte\u00f1as que se comen de dos bocados o la de trucha y cordero, que son empanadas m\u00e1s grandes de la Patagonia, que son bonitas para cocinar en horno a le\u00f1a&#8221;.<\/p>\n\n\n\n<p>Con respecto a los rellenos, remarc\u00f3 que &#8220;son infinitos&#8221;, pero que &#8220;la cl\u00e1sica sigue siendo la de carne&#8221;.<\/p>\n\n\n\n<p>Sin embargo, hizo hincapi\u00e9 en que hay muchas variedades y &#8220;hasta de mar, donde pod\u00e9s tener langostinos&#8221;, aunque para el cocinero la mejor es la empanada de oveja.<\/p>\n\n\n\n<p>Por su parte, Hugo Baz\u00e1n, nacido en la provincia de Salta, pizzero profesional, que obtuvo el segundo y tercer lugar respectivamente en los campeonatos argentinos de pizza y empanadas del 2017 y 2018, remarc\u00f3 que &#8220;la caracter\u00edstica de la empanada salte\u00f1a es la forma de elaboraci\u00f3n: la papa, los condimentos que son de los valles, la grasa pella&#8221; y compar\u00f3: &#8220;No lleva morrones como la tucumana; se hace con una carne magra&#8221;.<\/p>\n\n\n\n<p>Con respecto a la disputa por la mejor empanada del pa\u00eds, Baz\u00e1n respondi\u00f3 que, para ellos, es la salte\u00f1a: &#8220;Cuando pas\u00e1s por Salta, es imposible no probar una empanada. Si me dan a elegir, las fritas son las mejores&#8221;.<\/p>\n","protected":false},"excerpt":{"rendered":"<p>La empanada es el tercer alimento m\u00e1s consumidos en Argentina y el relleno predilecto es el de carne, seg\u00fan un ranking realizado por la Asociaci\u00f3n Propietarios de Pizzer\u00edas y Casas de Empanadas (Apyce) al celebrarse hoy el D\u00eda Internacional de esta comida tan popular en el pa\u00eds y con singularidades de acuerdo a las regiones [&hellip;]<\/p>\n","protected":false},"author":1,"featured_media":1746,"comment_status":"open","ping_status":"open","sticky":false,"template":"","format":"standard","meta":{"_monsterinsights_skip_tracking":false,"_monsterinsights_sitenote_active":false,"_monsterinsights_sitenote_note":"","_monsterinsights_sitenote_category":0,"footnotes":""},"categories":[3],"tags":[160],"class_list":["post-1745","post","type-post","status-publish","format-standard","has-post-thumbnail","hentry","category-comida","tag-160"],"_links":{"self":[{"href":"https:\/\/news.digitaltv.com.ar\/index.php?rest_route=\/wp\/v2\/posts\/1745","targetHints":{"allow":["GET"]}}],"collection":[{"href":"https:\/\/news.digitaltv.com.ar\/index.php?rest_route=\/wp\/v2\/posts"}],"about":[{"href":"https:\/\/news.digitaltv.com.ar\/index.php?rest_route=\/wp\/v2\/types\/post"}],"author":[{"embeddable":true,"href":"https:\/\/news.digitaltv.com.ar\/index.php?rest_route=\/wp\/v2\/users\/1"}],"replies":[{"embeddable":true,"href":"https:\/\/news.digitaltv.com.ar\/index.php?rest_route=%2Fwp%2Fv2%2Fcomments&post=1745"}],"version-history":[{"count":1,"href":"https:\/\/news.digitaltv.com.ar\/index.php?rest_route=\/wp\/v2\/posts\/1745\/revisions"}],"predecessor-version":[{"id":1747,"href":"https:\/\/news.digitaltv.com.ar\/index.php?rest_route=\/wp\/v2\/posts\/1745\/revisions\/1747"}],"wp:featuredmedia":[{"embeddable":true,"href":"https:\/\/news.digitaltv.com.ar\/index.php?rest_route=\/wp\/v2\/media\/1746"}],"wp:attachment":[{"href":"https:\/\/news.digitaltv.com.ar\/index.php?rest_route=%2Fwp%2Fv2%2Fmedia&parent=1745"}],"wp:term":[{"taxonomy":"category","embeddable":true,"href":"https:\/\/news.digitaltv.com.ar\/index.php?rest_route=%2Fwp%2Fv2%2Fcategories&post=1745"},{"taxonomy":"post_tag","embeddable":true,"href":"https:\/\/news.digitaltv.com.ar\/index.php?rest_route=%2Fwp%2Fv2%2Ftags&post=1745"}],"curies":[{"name":"wp","href":"https:\/\/api.w.org\/{rel}","templated":true}]}}