{"id":1815,"date":"2022-04-13T11:48:51","date_gmt":"2022-04-13T14:48:51","guid":{"rendered":"https:\/\/wp.digitaltv.com.ar\/?p=1815"},"modified":"2022-04-13T17:54:13","modified_gmt":"2022-04-13T20:54:13","slug":"en-paralelo-a-la-interna-nacional-se-intensifica-la-puja-en-jxc-por-candidaturas-bonaerenses","status":"publish","type":"post","link":"https:\/\/news.digitaltv.com.ar\/?p=1815","title":{"rendered":"En paralelo a la interna nacional, se intensifica la puja en JXC por candidaturas bonaerenses"},"content":{"rendered":"\n<p>La interna de Juntos por el Cambio (JxC) en la provincia de Buenos Aires, rumbo a la definici\u00f3n de candidaturas a la gobernaci\u00f3n en 2023, replica los alineamientos que se dan a nivel nacional y ya hay varios aspirantes al sill\u00f3n que hoy ocupa Axel Kicillof, tanto en el PRO y sus diferentes variantes, como en el radicalismo.<\/p>\n\n\n\n<p>Luego de la cumbre a nivel nacional protagonizada esta semana entre el expresidente Mauricio Macri, el jefe de Gobierno Horacio Rodr\u00edguez Larreta y la titular del PRO, Partricia Bullrich, para ordenar la interna, bajar los decibles de la disputa interna y postergar la definici\u00f3n de candidaturas, en provincia de Buenos Aires los distintos candidatos despliegan sus recorridas, tejen alianzas y buscan sumar volumen pol\u00edtico.<\/p>\n\n\n\n<p>Apadrinado por Horacio Rodr\u00edguez Larreta, Diego Santilli mantiene su rutina de visitas diarias a distintos distritos de la provincia, en algunos casos, como la semana pasada, acompa\u00f1ado por Rodr\u00edguez Larreta, que camin\u00f3 junto con el &#8220;Colorado&#8221; la localidad de General Rodr\u00edguez y la ciudad de Bah\u00eda Blanca.<\/p>\n\n\n\n<p>El jefe de Gobierno porte\u00f1o tiene previsto intensificar sus visitas a la provincia de Buenos Aires, distrito clave en la construcci\u00f3n de su candidatura presidencial.<\/p>\n\n\n\n<p>Otro candidato del PRO que tambi\u00e9n est\u00e1 lanzado en provincia es el diputado nacional Cristian Ritondo, exministro de Seguridad bonaerense y quien ya anunci\u00f3 su intenci\u00f3n de disputar la gobernaci\u00f3n.<\/p>\n\n\n\n<p>Ritondo se alinea pol\u00edticamente con Mar\u00eda Eugenia Vidal, la exmandataria provincial que tras el esc\u00e1ndalo de la llamada &#8220;Mesa Judicial Bonaerense&#8221; volvi\u00f3 a retomar un lugar de protagonismo en la mesa chica del PRO, y de hecho comenz\u00f3 a recorrer ella misma distintas provincias, en una gira que la semana que viene la llevar\u00e1 a la provincia de Neuqu\u00e9n.<\/p>\n\n\n\n<p>De hecho, Mauricio Macri, cuando a\u00fan estaba en Estados Unidos, envi\u00f3 un mensaje grabado de video a Ritondo y sus seguidores bonaerenses, alent\u00e1ndolos a seguir construyendo lo que el exmandatario denomina &#8220;segundo tiempo&#8221;, en alusi\u00f3n a un eventual nuevo gobierno de Cambiemos en 2023.<\/p>\n\n\n\n<p>En esta interna del PRO en la provincia de Buenos Aires juegan tambi\u00e9n con fuerza los intendentes, y, desde ese lado, tanto el jefe comunal de Lan\u00fas, N\u00e9stor Grindetti, como el intendente de La Plata, Julio Garro, tambi\u00e9n comenzaron a construir su armado provincial a trav\u00e9s de una agrupaci\u00f3n llamada &#8220;Hacemos&#8221;, corriente interna que piensan presentar en p\u00fablico luego de Semana Santa, el pr\u00f3ximo 22 de abril en la localidad de Lobos.<\/p>\n\n\n\n<p>De hecho, &#8220;Hacemos&#8221; tendr\u00e1 el formato de un partido pol\u00edtico dentro de Juntos por el Cambio, que tendr\u00e1 el objetivo de ampliar la base electoral del espacio, sumando a radicales, peronistas y vecinalistas desencantados con sus estructuras partidarias.<\/p>\n\n\n\n<p>Fuentes de este armado pol\u00edtico indicaron a T\u00e9lam que uno de los objetivos es que el PRO tenga candidatos a intendente en los 135 municipios de la provincia.<\/p>\n\n\n\n<p>Tambi\u00e9n construye en provincia de Buenos Aires Patricia Bullrich, que desde su agrupaci\u00f3n La Provincial sostiene de momento la candidatura a gobernador del exintendente de Capit\u00e1n Sarmiento Javier Iguacel.<\/p>\n\n\n\n<p>El radicalismo, en este contexto, no muestra por ahora nombres para competir por la provincia, salvo la incipiente presencia en ese territorio de Mart\u00edn Tetaz, el diputado nacional porte\u00f1o que comenz\u00f3 a caminar las calles del conurbano en representaci\u00f3n de Evoluci\u00f3n, el sector del radicalismo referenciado en el senador Mart\u00edn Lousteau, y enfrentado a la conducci\u00f3n del partido que conduce Gerardo Morales.<\/p>\n\n\n\n<p>En tanto, desde el Comit\u00e9 Provincia de la UCR, que conduce Maximiliano Abad, quien trabaja en la candidatura presidencial de Facundo Manes, de momento prefieren no hablar de candidaturas bonaerenses.<\/p>\n\n\n\n<p>Creen que si la elecci\u00f3n en provincia no se desdobla el candidato presidencial arrastrar\u00e1 con sus votos al candidato a gobernador, cuyo nombre surgir\u00e1 m\u00e1s adelante.<\/p>\n\n\n\n<p>Distinto ser\u00eda el escenario si finalmente en la provincia se adelantan los comicios, una posibilidad que se analiza de cerca desde todos los espacios pol\u00edticos, lo que trasladar\u00eda todo el peso de la elecci\u00f3n bonaerense en la figura del candidato a gobernador.<\/p>\n","protected":false},"excerpt":{"rendered":"<p>La interna de Juntos por el Cambio (JxC) en la provincia de Buenos Aires, rumbo a la definici\u00f3n de candidaturas a la gobernaci\u00f3n en 2023, replica los alineamientos que se dan a nivel nacional y ya hay varios aspirantes al sill\u00f3n que hoy ocupa Axel Kicillof, tanto en el PRO y sus diferentes variantes, como [&hellip;]<\/p>\n","protected":false},"author":1,"featured_media":1816,"comment_status":"open","ping_status":"open","sticky":false,"template":"","format":"standard","meta":{"_monsterinsights_skip_tracking":false,"_monsterinsights_sitenote_active":false,"_monsterinsights_sitenote_note":"","_monsterinsights_sitenote_category":0,"footnotes":""},"categories":[6],"tags":[160],"class_list":["post-1815","post","type-post","status-publish","format-standard","has-post-thumbnail","hentry","category-politica","tag-160"],"_links":{"self":[{"href":"https:\/\/news.digitaltv.com.ar\/index.php?rest_route=\/wp\/v2\/posts\/1815","targetHints":{"allow":["GET"]}}],"collection":[{"href":"https:\/\/news.digitaltv.com.ar\/index.php?rest_route=\/wp\/v2\/posts"}],"about":[{"href":"https:\/\/news.digitaltv.com.ar\/index.php?rest_route=\/wp\/v2\/types\/post"}],"author":[{"embeddable":true,"href":"https:\/\/news.digitaltv.com.ar\/index.php?rest_route=\/wp\/v2\/users\/1"}],"replies":[{"embeddable":true,"href":"https:\/\/news.digitaltv.com.ar\/index.php?rest_route=%2Fwp%2Fv2%2Fcomments&post=1815"}],"version-history":[{"count":1,"href":"https:\/\/news.digitaltv.com.ar\/index.php?rest_route=\/wp\/v2\/posts\/1815\/revisions"}],"predecessor-version":[{"id":1817,"href":"https:\/\/news.digitaltv.com.ar\/index.php?rest_route=\/wp\/v2\/posts\/1815\/revisions\/1817"}],"wp:featuredmedia":[{"embeddable":true,"href":"https:\/\/news.digitaltv.com.ar\/index.php?rest_route=\/wp\/v2\/media\/1816"}],"wp:attachment":[{"href":"https:\/\/news.digitaltv.com.ar\/index.php?rest_route=%2Fwp%2Fv2%2Fmedia&parent=1815"}],"wp:term":[{"taxonomy":"category","embeddable":true,"href":"https:\/\/news.digitaltv.com.ar\/index.php?rest_route=%2Fwp%2Fv2%2Fcategories&post=1815"},{"taxonomy":"post_tag","embeddable":true,"href":"https:\/\/news.digitaltv.com.ar\/index.php?rest_route=%2Fwp%2Fv2%2Ftags&post=1815"}],"curies":[{"name":"wp","href":"https:\/\/api.w.org\/{rel}","templated":true}]}}