{"id":1821,"date":"2022-04-13T14:17:48","date_gmt":"2022-04-13T17:17:48","guid":{"rendered":"https:\/\/wp.digitaltv.com.ar\/?p=1821"},"modified":"2022-04-13T17:54:33","modified_gmt":"2022-04-13T20:54:33","slug":"la-oms-insta-a-no-bajar-la-guardia-ante-la-pandemia-de-coronavirus","status":"publish","type":"post","link":"https:\/\/news.digitaltv.com.ar\/?p=1821","title":{"rendered":"La OMS insta a &#8220;no bajar la guardia&#8221; ante la pandemia de coronavirus"},"content":{"rendered":"\n<p>El comit\u00e9 de urgencia de la Organizaci\u00f3n Mundial de la Salud (OMS) sobre el coronavirus advirti\u00f3 hoy que no era &#8220;el momento de bajar la guardia&#8221;, porque muchos pa\u00edses levantan las restricciones pero la pandemia &#8220;est\u00e1 lejos de terminarse&#8221; y &#8220;el virus evoluciona de manera imprevisible&#8221;.<\/p>\n\n\n\n<p>&#8220;La situaci\u00f3n, con respecto a la Covid-19, est\u00e1 lejos de terminarse, a\u00fan est\u00e1 muy activa la circulaci\u00f3n del virus, la mortalidad sigue siendo elevada y el virus evoluciona de manera imprevisible&#8221;, declar\u00f3 el presidente del comit\u00e9, Didier Houssin, seg\u00fan inform\u00f3 la agencia de noticias AFP.<\/p>\n\n\n\n<p>La declaraci\u00f3n se produce luego de que el lunes pasado la OMS informara de dos nuevos linajes de la variante \u00d3micron (BA.4 y BA.5), que est\u00e1n siendo estudiados.<\/p>\n\n\n\n<p>&#8220;No es el momento de relajar (las medidas) con respecto a este virus, ni de descuidar la vigilancia, las pruebas y los informes, ni de laxismo en las medidas sociales y de salud p\u00fablica, ni de renuncia respecto a la vacunaci\u00f3n&#8221;, subray\u00f3 el m\u00e9dico durante una conferencia de prensa desde Ginebra.<\/p>\n\n\n\n<p>En la misma l\u00ednea, inst\u00f3 a los Estados miembro a &#8220;revisar sus pol\u00edticas nacionales, evaluar sus acciones y prepararse para nuevos esfuerzos&#8221;.<\/p>\n\n\n\n<p>Por su parte, el director general de la OMS, Tedros Adhanom Ghebreyesus, reconoci\u00f3 que si bien algunos pa\u00edses registran picos de infecciones, lo que supone una presi\u00f3n para sus sistemas hospitalarios, la semana pasada se registr\u00f3 &#8220;el n\u00famero m\u00e1s bajo de muertes por Covid-19 desde los primeros d\u00edas de la pandemia&#8221;.<\/p>\n\n\n\n<p>El n\u00famero de casos de coronavirus sigui\u00f3 disminuyendo por tercera semana consecutiva, con un descenso del 24% en la semana del 4 al 10 de abril en comparaci\u00f3n con la anterior, seg\u00fan el \u00faltimo informe semanal sobre la situaci\u00f3n epidemiol\u00f3gica publicado el martes pasado por la agencia sanitaria de la ONU.<\/p>\n","protected":false},"excerpt":{"rendered":"<p>El comit\u00e9 de urgencia de la Organizaci\u00f3n Mundial de la Salud (OMS) sobre el coronavirus advirti\u00f3 hoy que no era &#8220;el momento de bajar la guardia&#8221;, porque muchos pa\u00edses levantan las restricciones pero la pandemia &#8220;est\u00e1 lejos de terminarse&#8221; y &#8220;el virus evoluciona de manera imprevisible&#8221;. &#8220;La situaci\u00f3n, con respecto a la Covid-19, est\u00e1 lejos [&hellip;]<\/p>\n","protected":false},"author":1,"featured_media":1097,"comment_status":"open","ping_status":"open","sticky":false,"template":"","format":"standard","meta":{"_monsterinsights_skip_tracking":false,"_monsterinsights_sitenote_active":false,"_monsterinsights_sitenote_note":"","_monsterinsights_sitenote_category":0,"footnotes":""},"categories":[151],"tags":[160],"class_list":["post-1821","post","type-post","status-publish","format-standard","has-post-thumbnail","hentry","category-salud","tag-160"],"_links":{"self":[{"href":"https:\/\/news.digitaltv.com.ar\/index.php?rest_route=\/wp\/v2\/posts\/1821","targetHints":{"allow":["GET"]}}],"collection":[{"href":"https:\/\/news.digitaltv.com.ar\/index.php?rest_route=\/wp\/v2\/posts"}],"about":[{"href":"https:\/\/news.digitaltv.com.ar\/index.php?rest_route=\/wp\/v2\/types\/post"}],"author":[{"embeddable":true,"href":"https:\/\/news.digitaltv.com.ar\/index.php?rest_route=\/wp\/v2\/users\/1"}],"replies":[{"embeddable":true,"href":"https:\/\/news.digitaltv.com.ar\/index.php?rest_route=%2Fwp%2Fv2%2Fcomments&post=1821"}],"version-history":[{"count":1,"href":"https:\/\/news.digitaltv.com.ar\/index.php?rest_route=\/wp\/v2\/posts\/1821\/revisions"}],"predecessor-version":[{"id":1822,"href":"https:\/\/news.digitaltv.com.ar\/index.php?rest_route=\/wp\/v2\/posts\/1821\/revisions\/1822"}],"wp:featuredmedia":[{"embeddable":true,"href":"https:\/\/news.digitaltv.com.ar\/index.php?rest_route=\/wp\/v2\/media\/1097"}],"wp:attachment":[{"href":"https:\/\/news.digitaltv.com.ar\/index.php?rest_route=%2Fwp%2Fv2%2Fmedia&parent=1821"}],"wp:term":[{"taxonomy":"category","embeddable":true,"href":"https:\/\/news.digitaltv.com.ar\/index.php?rest_route=%2Fwp%2Fv2%2Fcategories&post=1821"},{"taxonomy":"post_tag","embeddable":true,"href":"https:\/\/news.digitaltv.com.ar\/index.php?rest_route=%2Fwp%2Fv2%2Ftags&post=1821"}],"curies":[{"name":"wp","href":"https:\/\/api.w.org\/{rel}","templated":true}]}}