{"id":1826,"date":"2022-04-14T09:49:04","date_gmt":"2022-04-14T12:49:04","guid":{"rendered":"https:\/\/wp.digitaltv.com.ar\/?p=1826"},"modified":"2022-04-17T23:25:30","modified_gmt":"2022-04-18T02:25:30","slug":"en-el-dia-mundial-del-chagas-salud-insta-a-redoblar-acciones-de-prevencion-y-tratamiento","status":"publish","type":"post","link":"https:\/\/news.digitaltv.com.ar\/?p=1826","title":{"rendered":"En el D\u00eda Mundial del Chagas, Salud insta a redoblar acciones de prevenci\u00f3n y tratamiento"},"content":{"rendered":"\n<p>El Ministerio de Salud destac\u00f3 hoy la importancia de profundizar las acciones para la prevenci\u00f3n y tratamiento del Chagas, al conmemorarse hoy el D\u00eda Mundial de esta enfermedad que en la Argentina registra alrededor de 1.5 millones de personas infectadas.<\/p>\n\n\n\n<p>&#8220;Si el Chagas se detecta a tiempo, se puede curar. El diagn\u00f3stico y el tratamiento son gratuitos en todos los centros de salud y hospitales p\u00fablicos del pa\u00eds&#8221;, subray\u00f3 la cartera conducida por Carla Vizzotti a trav\u00e9s de sus redes sociales.<\/p>\n\n\n\n<p>La Organizaci\u00f3n Panamericana de la Salud (OPS), a trav\u00e9s del director de Enfermedades Transmisibles y Determinantes Ambientales de la Salud, Marcos Espinal, tambi\u00e9n remarc\u00f3 que \u201ceste D\u00eda Mundial es una oportunidad para visibilizar el Chagas y redoblar las acciones para prevenirlo, detectarlo, tratarlo y cortar la cadena de transmisi\u00f3n\u201d.<\/p>\n\n\n\n<p>\u201cEl Chagas es casi 100 por ciento curable si se trata en su etapa aguda inicial\u201d, remarc\u00f3 la OPS en un comunicado de prensa.<\/p>\n\n\n\n<p>La Enfermedad de Chagas o tripanosomiasis americana es causada por el par\u00e1sito Trypanosoma Cruzi y entre las principales formas de contagio se encuentran el contacto con las heces de la vinchuca, la transmisi\u00f3n de la madre a su hijo por nacer, alimentos contaminados, transfusiones sangu\u00edneas y los trasplantes de \u00f3rganos.<\/p>\n\n\n\n<p>Se estima que siete de cada diez personas que tienen la enfermedad de Chagas no lo saben, lo que impide el acceso a tratamientos que son claves para evitar las complicaciones causadas por la infecci\u00f3n.<\/p>\n\n\n\n<p>Es una enfermedad end\u00e9mica de Am\u00e9rica Latina y alrededor de 70 millones de personas de la regi\u00f3n viven en riesgo de contraerla a trav\u00e9s de la picadura de alg\u00fan vector transmisor.<\/p>\n\n\n\n<p>En la Argentina se estima que hay alrededor de 1.5 millones de personas infectadas y que otros 7 millones est\u00e1n en riesgo de contraer la infecci\u00f3n.<\/p>\n\n\n\n<p>Seg\u00fan datos de la Sociedad Argentina de Pediatr\u00eda, nacen entre 1.300 y 1.500 beb\u00e9s infectados por a\u00f1o debido a la transmisi\u00f3n materno-fetal.<\/p>\n","protected":false},"excerpt":{"rendered":"<p>El Ministerio de Salud destac\u00f3 hoy la importancia de profundizar las acciones para la prevenci\u00f3n y tratamiento del Chagas, al conmemorarse hoy el D\u00eda Mundial de esta enfermedad que en la Argentina registra alrededor de 1.5 millones de personas infectadas. &#8220;Si el Chagas se detecta a tiempo, se puede curar. El diagn\u00f3stico y el tratamiento [&hellip;]<\/p>\n","protected":false},"author":1,"featured_media":1827,"comment_status":"open","ping_status":"open","sticky":false,"template":"","format":"standard","meta":{"_monsterinsights_skip_tracking":false,"_monsterinsights_sitenote_active":false,"_monsterinsights_sitenote_note":"","_monsterinsights_sitenote_category":0,"footnotes":""},"categories":[151],"tags":[160],"class_list":["post-1826","post","type-post","status-publish","format-standard","has-post-thumbnail","hentry","category-salud","tag-160"],"_links":{"self":[{"href":"https:\/\/news.digitaltv.com.ar\/index.php?rest_route=\/wp\/v2\/posts\/1826","targetHints":{"allow":["GET"]}}],"collection":[{"href":"https:\/\/news.digitaltv.com.ar\/index.php?rest_route=\/wp\/v2\/posts"}],"about":[{"href":"https:\/\/news.digitaltv.com.ar\/index.php?rest_route=\/wp\/v2\/types\/post"}],"author":[{"embeddable":true,"href":"https:\/\/news.digitaltv.com.ar\/index.php?rest_route=\/wp\/v2\/users\/1"}],"replies":[{"embeddable":true,"href":"https:\/\/news.digitaltv.com.ar\/index.php?rest_route=%2Fwp%2Fv2%2Fcomments&post=1826"}],"version-history":[{"count":1,"href":"https:\/\/news.digitaltv.com.ar\/index.php?rest_route=\/wp\/v2\/posts\/1826\/revisions"}],"predecessor-version":[{"id":1828,"href":"https:\/\/news.digitaltv.com.ar\/index.php?rest_route=\/wp\/v2\/posts\/1826\/revisions\/1828"}],"wp:featuredmedia":[{"embeddable":true,"href":"https:\/\/news.digitaltv.com.ar\/index.php?rest_route=\/wp\/v2\/media\/1827"}],"wp:attachment":[{"href":"https:\/\/news.digitaltv.com.ar\/index.php?rest_route=%2Fwp%2Fv2%2Fmedia&parent=1826"}],"wp:term":[{"taxonomy":"category","embeddable":true,"href":"https:\/\/news.digitaltv.com.ar\/index.php?rest_route=%2Fwp%2Fv2%2Fcategories&post=1826"},{"taxonomy":"post_tag","embeddable":true,"href":"https:\/\/news.digitaltv.com.ar\/index.php?rest_route=%2Fwp%2Fv2%2Ftags&post=1826"}],"curies":[{"name":"wp","href":"https:\/\/api.w.org\/{rel}","templated":true}]}}