{"id":1836,"date":"2022-04-14T12:05:50","date_gmt":"2022-04-14T15:05:50","guid":{"rendered":"https:\/\/wp.digitaltv.com.ar\/?p=1836"},"modified":"2022-04-20T08:20:37","modified_gmt":"2022-04-20T11:20:37","slug":"yulia-mikno-esto-no-es-una-guerra-es-un-genocidio-a-los-ucranianos","status":"publish","type":"post","link":"https:\/\/news.digitaltv.com.ar\/?p=1836","title":{"rendered":"Yulia Mikno: \u201cEsto no es una guerra, es un genocidio a los ucranianos\u201d"},"content":{"rendered":"\n<p>En exclusiva hablamos con Yulia Mikno, ciudadana ucraniana refugiada en Espa\u00f1a. Es artista, pintora, tuvo que escapar del horror de la guerra. Escap\u00f3 de Kiev, atraves\u00f3 Polinia y hoy se encuentra en Castell\u00f3n, junto a su madre, en la casa de amigos espa\u00f1oles que le est\u00e1n brindando asilo.<\/p>\n\n\n\n<p>\u201cEstoy muy agradecida a estas personas que nos ayudaron a llegar hasta Polonia. Hubo un soldado, que para mi es un h\u00e9roe, porque no puedo llamarlo de otra manera, que nos uni\u00f3 con la caravana \u201cCorazones Solitarios\u201d, quienes hicieron el puente para que lleg\u00e1ramos a Espa\u00f1a. Condujeron sus veh\u00edculos por m\u00e1s de dos d\u00edas; yo les bromeaba que eran como m\u00e1quinas\u201d, comenta Yulia. \u201cConozco a esta familia que nos est\u00e1 albergando desde hace m\u00e1s de veinte a\u00f1os. Hoy estoy aqu\u00ed con mi mam\u00e1. Les agradezco infinitamente que nos hayan dado la oportunidad de estar en su casa en un momento tan dif\u00edcil, tr\u00e1gico de la vida para m\u00ed, y para mi pa\u00eds. Estas personas tienen un gran coraz\u00f3n, y siempre les estar\u00e9 agradecida por su capacidad de respuesta, amabilidad y empat\u00eda\u201d.<\/p>\n\n\n\n<p>Mikno dio su visi\u00f3n del conflicto b\u00e9lico: \u201cPara mi sorpresa algunas personas llaman a esto como una guerra. Quisiera aprovechar esta oportunidad para enfatizar que hace ocho a\u00f1os Rusia ocup\u00f3 parte del territorio de Ucrania. Yo soy una civil, un d\u00eda nos despertamos cuando los rusos comenzaron a lanzar bombas sobre las ciudades pac\u00edficas. Esta guerra no se puede justificar por nada, no puede suceder en el Siglo XXI, en el mundo civilizado. Vladimir Putin persigue visiones personales, no piensa, en absoluto, ni en los ciudadanos de su pa\u00eds, aunque el 80 por ciento de ellos aprueban esta guerra; los est\u00e1 llevando al default econ\u00f3mico y convirtiendo a su naci\u00f3n en un paria. Si Rusia no se detiene ser\u00e1 la nueva Corea del Norte. Esto no es una guerra, es un genocidio a los ucranianos\u201d.&nbsp;<\/p>\n\n\n\n<p>\u201cYo, como toda la gente ucraniana, esperamos que esta guerra acabe. Claro que quiero volver a mi casa, porque todo lo que llevo conmigo aqu\u00ed es el pasaporte, mi gato, y unos vestidos, no tengo nada m\u00e1s aqu\u00ed, he dejado todo all\u00e1, y por eso quiero regresar. Yo quiero volver a mi casa tenemos much\u00edsimo trabajo, hay para reconstruir todo, para arreglarlo todo.&nbsp;Nuestra Naci\u00f3n no puede ser derrotada, lucharemos hasta el \u00faltimo aliento\u201d, dijo por \u00faltimo la entrevistada.<\/p>\n","protected":false},"excerpt":{"rendered":"<p>En exclusiva hablamos con Yulia Mikno, ciudadana ucraniana refugiada en Espa\u00f1a.<\/p>\n","protected":false},"author":3,"featured_media":1837,"comment_status":"open","ping_status":"open","sticky":false,"template":"","format":"standard","meta":{"_monsterinsights_skip_tracking":false,"_monsterinsights_sitenote_active":false,"_monsterinsights_sitenote_note":"","_monsterinsights_sitenote_category":0,"footnotes":""},"categories":[150],"tags":[160],"class_list":["post-1836","post","type-post","status-publish","format-standard","has-post-thumbnail","hentry","category-actualidad","tag-160"],"_links":{"self":[{"href":"https:\/\/news.digitaltv.com.ar\/index.php?rest_route=\/wp\/v2\/posts\/1836","targetHints":{"allow":["GET"]}}],"collection":[{"href":"https:\/\/news.digitaltv.com.ar\/index.php?rest_route=\/wp\/v2\/posts"}],"about":[{"href":"https:\/\/news.digitaltv.com.ar\/index.php?rest_route=\/wp\/v2\/types\/post"}],"author":[{"embeddable":true,"href":"https:\/\/news.digitaltv.com.ar\/index.php?rest_route=\/wp\/v2\/users\/3"}],"replies":[{"embeddable":true,"href":"https:\/\/news.digitaltv.com.ar\/index.php?rest_route=%2Fwp%2Fv2%2Fcomments&post=1836"}],"version-history":[{"count":1,"href":"https:\/\/news.digitaltv.com.ar\/index.php?rest_route=\/wp\/v2\/posts\/1836\/revisions"}],"predecessor-version":[{"id":1838,"href":"https:\/\/news.digitaltv.com.ar\/index.php?rest_route=\/wp\/v2\/posts\/1836\/revisions\/1838"}],"wp:featuredmedia":[{"embeddable":true,"href":"https:\/\/news.digitaltv.com.ar\/index.php?rest_route=\/wp\/v2\/media\/1837"}],"wp:attachment":[{"href":"https:\/\/news.digitaltv.com.ar\/index.php?rest_route=%2Fwp%2Fv2%2Fmedia&parent=1836"}],"wp:term":[{"taxonomy":"category","embeddable":true,"href":"https:\/\/news.digitaltv.com.ar\/index.php?rest_route=%2Fwp%2Fv2%2Fcategories&post=1836"},{"taxonomy":"post_tag","embeddable":true,"href":"https:\/\/news.digitaltv.com.ar\/index.php?rest_route=%2Fwp%2Fv2%2Ftags&post=1836"}],"curies":[{"name":"wp","href":"https:\/\/api.w.org\/{rel}","templated":true}]}}