{"id":1858,"date":"2022-04-18T09:11:03","date_gmt":"2022-04-18T12:11:03","guid":{"rendered":"https:\/\/wp.digitaltv.com.ar\/?p=1858"},"modified":"2022-04-18T17:17:02","modified_gmt":"2022-04-18T20:17:02","slug":"medicos-bonaerenses-de-cicop-piden-que-se-aplique-el-decreto-de-desgaste-laboral-en-el-distrito","status":"publish","type":"post","link":"https:\/\/news.digitaltv.com.ar\/?p=1858","title":{"rendered":"M\u00e9dicos bonaerenses de Cicop piden que se aplique el decreto de desgaste laboral en el distrito"},"content":{"rendered":"\n<p>La Asociaci\u00f3n Sindical de Profesionales de la Salud de la provincia de Buenos Aires (Cicop) reclam\u00f3 hoy &#8220;aplicaci\u00f3n de los decretos de desgaste laboral&#8221; que rigen en la provincia y reafirmaron el estado de alerta, a la espera de una respuesta a sus demandas, informaron fuentes gremiales.<\/p>\n\n\n\n<p>&#8220;Desde el a\u00f1o 2015 los profesionales de la salud venimos realizando un mayor aporte al Instituto de Previsi\u00f3n Social (IPS), al pasar de un 14% a un 16% a trav\u00e9s del Decreto 598\/15, con el que el Estado provincial reconoce, luego de a\u00f1os de lucha, el desgaste prematuro que padecemos quienes nos desempe\u00f1amos dentro del sistema p\u00fablico de salud&#8221;.<\/p>\n\n\n\n<p>&#8220;Este reconocimiento implica un cambio en el esquema previsional que permite una baja en la edad jubilatoria. Sin embargo, desde entonces, esto s\u00f3lo ha impactado en un aumento de los aportes, sin que las y los profesionales de la salud p\u00fablica bonaerense puedan acceder a una mejora en el c\u00e1lculo de los a\u00f1os de aportes ni en la edad para acceder al beneficio&#8221;, argumentaron desde Cicop, que reiter\u00f3 su reclamo de una respuesta sobre este punto al gobierno provincial.<\/p>\n\n\n\n<p>En este sentido, la entidad record\u00f3 que, en el \u00faltimo congreso de delegados, la organizaci\u00f3n gremial resolvi\u00f3 declararse en estado de alerta a la espera de una soluci\u00f3n a esta demanda y advirti\u00f3 que, si eso no sucede, avanzar\u00e1n con medidas de fuerza.<\/p>\n","protected":false},"excerpt":{"rendered":"<p>La Asociaci\u00f3n Sindical de Profesionales de la Salud de la provincia de Buenos Aires (Cicop) reclam\u00f3 hoy &#8220;aplicaci\u00f3n de los decretos de desgaste laboral&#8221; que rigen en la provincia y reafirmaron el estado de alerta, a la espera de una respuesta a sus demandas, informaron fuentes gremiales. &#8220;Desde el a\u00f1o 2015 los profesionales de la [&hellip;]<\/p>\n","protected":false},"author":2,"featured_media":1859,"comment_status":"open","ping_status":"open","sticky":false,"template":"","format":"standard","meta":{"_monsterinsights_skip_tracking":false,"_monsterinsights_sitenote_active":false,"_monsterinsights_sitenote_note":"","_monsterinsights_sitenote_category":0,"footnotes":""},"categories":[151],"tags":[160],"class_list":["post-1858","post","type-post","status-publish","format-standard","has-post-thumbnail","hentry","category-salud","tag-160"],"_links":{"self":[{"href":"https:\/\/news.digitaltv.com.ar\/index.php?rest_route=\/wp\/v2\/posts\/1858","targetHints":{"allow":["GET"]}}],"collection":[{"href":"https:\/\/news.digitaltv.com.ar\/index.php?rest_route=\/wp\/v2\/posts"}],"about":[{"href":"https:\/\/news.digitaltv.com.ar\/index.php?rest_route=\/wp\/v2\/types\/post"}],"author":[{"embeddable":true,"href":"https:\/\/news.digitaltv.com.ar\/index.php?rest_route=\/wp\/v2\/users\/2"}],"replies":[{"embeddable":true,"href":"https:\/\/news.digitaltv.com.ar\/index.php?rest_route=%2Fwp%2Fv2%2Fcomments&post=1858"}],"version-history":[{"count":1,"href":"https:\/\/news.digitaltv.com.ar\/index.php?rest_route=\/wp\/v2\/posts\/1858\/revisions"}],"predecessor-version":[{"id":1860,"href":"https:\/\/news.digitaltv.com.ar\/index.php?rest_route=\/wp\/v2\/posts\/1858\/revisions\/1860"}],"wp:featuredmedia":[{"embeddable":true,"href":"https:\/\/news.digitaltv.com.ar\/index.php?rest_route=\/wp\/v2\/media\/1859"}],"wp:attachment":[{"href":"https:\/\/news.digitaltv.com.ar\/index.php?rest_route=%2Fwp%2Fv2%2Fmedia&parent=1858"}],"wp:term":[{"taxonomy":"category","embeddable":true,"href":"https:\/\/news.digitaltv.com.ar\/index.php?rest_route=%2Fwp%2Fv2%2Fcategories&post=1858"},{"taxonomy":"post_tag","embeddable":true,"href":"https:\/\/news.digitaltv.com.ar\/index.php?rest_route=%2Fwp%2Fv2%2Ftags&post=1858"}],"curies":[{"name":"wp","href":"https:\/\/api.w.org\/{rel}","templated":true}]}}