{"id":1898,"date":"2022-04-19T15:59:25","date_gmt":"2022-04-19T18:59:25","guid":{"rendered":"https:\/\/wp.digitaltv.com.ar\/?p=1898"},"modified":"2022-04-20T08:20:20","modified_gmt":"2022-04-20T11:20:20","slug":"el-intendente-recibira-a-los-padres-los-agustin-baldoni","status":"publish","type":"post","link":"https:\/\/news.digitaltv.com.ar\/?p=1898","title":{"rendered":"El intendente recibir\u00e1 a los padres los Agustin Baldoni"},"content":{"rendered":"\n<p>Para sorpresa de su familia la municipalidad retir\u00f3 la carteleria de pedido de Justicia por la muerte de Agust\u00edn Baldoni. El Intendente recibir\u00e1 a sus padres en los pr\u00f3ximos d\u00edas.<\/p>\n\n\n\n<p>La familia de Agust\u00edn Baldoni denunci\u00f3 la retirada de carteles de la v\u00eda p\u00fablica \u201cNosotros hab\u00edamos colocado unos carteles amarillos que dec\u00edan Justica por Agust\u00edn, lo hab\u00edamos hecho en determinados lugares donde no molestaban ni obstru\u00edan las c\u00e1maras, hab\u00edamos puesto pasacalles despu\u00e9s de la quita de los carteles y el lunes a la madrugada los retiraron pasada las 12 de la noche\u201d explic\u00f3 Roxana, t\u00eda de Agust\u00edn.<\/p>\n\n\n\n<p>Sin entender el motivo puntual del problema reconoci\u00f3 que \u201cfue una orden de la municipalidad porque era un m\u00f3vil de ellos, el padre y la madre fueron al corral\u00f3n y ah\u00ed de manera muy amable los devolvieron, no es nada en contra de los trabajadores, ellos cumplen ordenes\u201d fue el propio padre quien escribi\u00f3 al \u00e1rea de comunicaci\u00f3n y la respuesta fue el pedido de un n\u00famero telef\u00f3nico, en el transcurso de este martes se confirm\u00f3 que el intendente los recibir\u00e1.<\/p>\n\n\n\n<p>En cuanto a la causa \u201cla investigaci\u00f3n ya concluyo, queda esperar el juicio para que Ojeda sea condenado, ya est\u00e1 en el plazo de expedirse, deber\u00eda ser antes de la feria del invierno, se confirm\u00f3 que ven\u00eda a 70 kil\u00f3metros por hora, cruzo en rojo, impact\u00f3 a Agust\u00edn que qued\u00f3 a 27 metros, se comprob\u00f3 la conducci\u00f3n temeraria, el test de alcoholemia dio negativo, el era consiente\u201d.<\/p>\n","protected":false},"excerpt":{"rendered":"<p>Para sorpresa de su familia la municipalidad retir\u00f3 la carteleria de pedido de Justicia por la muerte de Agust\u00edn Baldoni. El Intendente recibir\u00e1 a sus padres en los pr\u00f3ximos d\u00edas. La familia de Agust\u00edn Baldoni denunci\u00f3 la retirada de carteles de la v\u00eda p\u00fablica \u201cNosotros hab\u00edamos colocado unos carteles amarillos que dec\u00edan Justica por Agust\u00edn, [&hellip;]<\/p>\n","protected":false},"author":2,"featured_media":1899,"comment_status":"open","ping_status":"open","sticky":false,"template":"","format":"standard","meta":{"_monsterinsights_skip_tracking":false,"_monsterinsights_sitenote_active":false,"_monsterinsights_sitenote_note":"","_monsterinsights_sitenote_category":0,"footnotes":""},"categories":[152],"tags":[169],"class_list":["post-1898","post","type-post","status-publish","format-standard","has-post-thumbnail","hentry","category-pergamino","tag-169"],"_links":{"self":[{"href":"https:\/\/news.digitaltv.com.ar\/index.php?rest_route=\/wp\/v2\/posts\/1898","targetHints":{"allow":["GET"]}}],"collection":[{"href":"https:\/\/news.digitaltv.com.ar\/index.php?rest_route=\/wp\/v2\/posts"}],"about":[{"href":"https:\/\/news.digitaltv.com.ar\/index.php?rest_route=\/wp\/v2\/types\/post"}],"author":[{"embeddable":true,"href":"https:\/\/news.digitaltv.com.ar\/index.php?rest_route=\/wp\/v2\/users\/2"}],"replies":[{"embeddable":true,"href":"https:\/\/news.digitaltv.com.ar\/index.php?rest_route=%2Fwp%2Fv2%2Fcomments&post=1898"}],"version-history":[{"count":1,"href":"https:\/\/news.digitaltv.com.ar\/index.php?rest_route=\/wp\/v2\/posts\/1898\/revisions"}],"predecessor-version":[{"id":1900,"href":"https:\/\/news.digitaltv.com.ar\/index.php?rest_route=\/wp\/v2\/posts\/1898\/revisions\/1900"}],"wp:featuredmedia":[{"embeddable":true,"href":"https:\/\/news.digitaltv.com.ar\/index.php?rest_route=\/wp\/v2\/media\/1899"}],"wp:attachment":[{"href":"https:\/\/news.digitaltv.com.ar\/index.php?rest_route=%2Fwp%2Fv2%2Fmedia&parent=1898"}],"wp:term":[{"taxonomy":"category","embeddable":true,"href":"https:\/\/news.digitaltv.com.ar\/index.php?rest_route=%2Fwp%2Fv2%2Fcategories&post=1898"},{"taxonomy":"post_tag","embeddable":true,"href":"https:\/\/news.digitaltv.com.ar\/index.php?rest_route=%2Fwp%2Fv2%2Ftags&post=1898"}],"curies":[{"name":"wp","href":"https:\/\/api.w.org\/{rel}","templated":true}]}}