{"id":1901,"date":"2022-04-19T16:05:44","date_gmt":"2022-04-19T19:05:44","guid":{"rendered":"https:\/\/wp.digitaltv.com.ar\/?p=1901"},"modified":"2022-04-19T16:06:10","modified_gmt":"2022-04-19T19:06:10","slug":"provincias-aplican-cuarta-dosis-de-vacuna-anticovid-en-forma-paralela-a-campana-antigripal","status":"publish","type":"post","link":"https:\/\/news.digitaltv.com.ar\/?p=1901","title":{"rendered":"Provincias aplican cuarta dosis de vacuna anticovid en forma paralela a campa\u00f1a antigripal"},"content":{"rendered":"\n<p>La aplicaci\u00f3n de refuerzos a la vacunaci\u00f3n anticovid, con terceras y cuartas dosis, avanzaba esta semana en las provincias en forma paralela a la campa\u00f1a de inmunizaci\u00f3n antigripal y las autoridades de Salud instaron a la poblaci\u00f3n a completar los esquemas para reducir riesgos ante la inminente llegada del clima fr\u00edo.<\/p>\n\n\n\n<p>La ministra de Salud nacional, Carla Vizzotti, advirti\u00f3 el jueves en la \u00faltima reuni\u00f3n del Consejo Federal (Cofesa) que se busca aplicar la segunda dosis de refuerzo &#8220;lo m\u00e1s r\u00e1pido posible a las personas que tienen mayor riesgo, para disminuir as\u00ed la posibilidad de internaciones, complicaciones y fallecimientos&#8221;.<\/p>\n\n\n\n<p>Vizzotti apunt\u00f3 que 14 millones de personas completaron su esquema inicial hace m\u00e1s de cuatro meses pero todav\u00eda no se aplicaron el refuerzo, por lo que se\u00f1al\u00f3 a los integrantes del Cofesa que &#8220;necesitamos que esta poblaci\u00f3n se acerque a los vacunatorios&#8221; y pidi\u00f3 &#8220;seguir estimulando la vacunaci\u00f3n, a pesar de la baja percepci\u00f3n de riesgo de la poblaci\u00f3n&#8221;.<\/p>\n\n\n\n<p>Seg\u00fan el Cofesa, en esta primera etapa se dar\u00e1 prioridad de vacunaci\u00f3n al personal de salud, adultos de 50 a\u00f1os o m\u00e1s y personas desde 12 a\u00f1os con inmunocompromiso, tras lo cual en dos semanas se evaluar\u00e1 la inclusi\u00f3n de otros grupos etarios con factores de riesgo y el personal estrat\u00e9gico, mientras cada provincia implementar\u00e1 la estrategia de la forma que considere m\u00e1s conveniente.<\/p>\n\n\n\n<p>En Buenos Aires,El ministro de Salud bonaerense, Nicol\u00e1s Kreplak, asegur\u00f3 d\u00edas atr\u00e1s que la provincia est\u00e1 &#8220;en buenas condiciones para encarar la temporada de frio&#8221; porque cuenta con provisi\u00f3n de vacunas antigripales y anticovid y &#8220;un buen porcentaje de vacunaci\u00f3n&#8221;.<\/p>\n\n\n\n<p>Kreplak explic\u00f3 que en ese marco se autoriz\u00f3 un segundo refuerzo de la dosis de vacuna anticovid y record\u00f3 que &#8220;la variante \u00d3microm cambia mucho respecto de las otras variantes y la eficacia que consegu\u00eda antes con dos dosis, en esta variante se consigue con tres dosis; entonces el esfuerzo se consigue mucho mejor con una dosis extra&#8221;.<\/p>\n\n\n\n<p>En C\u00f3rdoba, desde abril, se puso en marcha el operativo de descentralizaci\u00f3n de la vacunaci\u00f3n con el cierre de los centros masivos de inmunizaci\u00f3n y contin\u00faan los operativos en los m\u00e1s de 800 vacunatorios de la provincia y las redes de farmacias para &#8220;completar esquemas del calendario que fueron postergados por la pandemia&#8221;, sostuvo Laura L\u00f3pez jefa del \u00c1rea de Epidemiolog\u00eda local.<\/p>\n\n\n\n<p>Desde este martes comenz\u00f3 a aplicarse la segunda dosis de refuerzo al personal de salud a partir de 50 a\u00f1os y desde los 12 a\u00f1os a las personas consideradas de riesgo a la vez que se mantiene, sin inscripci\u00f3n ni turno previo, la campa\u00f1a de vacunaci\u00f3n anticovid con la dosis del primer refuerzo en cualquier lugar de inmunizaci\u00f3n, as\u00ed como la aplicaci\u00f3n de una dosis extraordinaria para quienes necesitan viajar y cuentan con vacunas no autorizadas por el pa\u00eds de destino.<\/p>\n\n\n\n<p>En el caso de Santa Fe, la estrategia se divide en el habitual env\u00edo de turnos para las personas que se inscribieron en la p\u00e1gina del Gobierno provincial, la vacunaci\u00f3n abierta y espont\u00e1nea, y la descentralizaci\u00f3n del operativo en sedes gremiales y universitarias.<\/p>\n\n\n\n<p>La cartera sanitaria provincial inform\u00f3 que toda persona mayor de 18 a\u00f1os que haya sido inoculada hace m\u00e1s de cuatro meses con segunda dosis puede concurrir a los vacunatorios habilitados, actividad que en el caso de la ciudad de Santa Fe se concentra en La Esquina Encendida, que otorga unos 3.600 turnos por d\u00eda para terceras dosis.<\/p>\n\n\n\n<p>Los vacunatorios situados en sedes sindicales priorizan a sus afiliados pero puede concurrir cualquier persona, al igual que lo que ocurre en la Ciudad Universitaria de Santa Fe y en el Campus de Ciencias Agrarias y Veterinarias (FAVE) de Esperanza, ambas de la Universidad Nacional del Litoral (UNL), donde se aplican dosis de refuerzos e inicios de esquema.<\/p>\n\n\n\n<p>En Mendoza, la vacunaci\u00f3n de segundo refuerzo comenz\u00f3 a aplicarse el lunes para mayores de 50 a\u00f1os, personal de Salud e inmunosuprimidos y, seg\u00fan fuentes sanitarias, no se requiere turno previo; asistir con carnet de vacunaci\u00f3n y DNI.<\/p>\n\n\n\n<p>Paralelamente, desde la \u00faltima semana de marzo comenz\u00f3 la campa\u00f1a antigripal porque las autoridades sanitarias provinciales explicaron que se espera que este invierno sea diferente a los dos anteriores, ya que habr\u00e1 circulaci\u00f3n paralela de Covid 19 y de otras enfermedades respiratorias que hab\u00edan reducido su presencia en 2020 y 2021.<\/p>\n\n\n\n<p>La ministra de Salud, Ana Mar\u00eda Nadal, destac\u00f3 que &#8220;se van a administrar ambas vacunas, ya que no hay contraindicaci\u00f3n para esto&#8221;.<\/p>\n\n\n\n<p>En Salta, desde el fin de semana pasado se habilit\u00f3 la aplicaci\u00f3n de la cuarta dosis y la jefa del programa de Inmunizaciones, Adriana Jure, expres\u00f3 que &#8220;quienes constituyen los grupos priorizados pueden acceder al segundo refuerzo luego de haber transcurrido cuatro meses de aplicado el primer refuerzo&#8221;.<\/p>\n\n\n\n<p>Jure inst\u00f3 a quienes a\u00fan no iniciaron el esquema de vacunaci\u00f3n contra el virus o no lo completaron, a realizarlo, y apunt\u00f3 que &#8220;es necesario contar con las dos dosis para reducir la hospitalizaci\u00f3n y la instancia grave de la enfermedad&#8221;.<\/p>\n\n\n\n<p>Adem\u00e1s de los centros de salud y hospitales p\u00fablicos, los salte\u00f1os pueden concurrir a los vacunatorios m\u00f3viles que se instalan en parques, estadios, plazas, paseos, mercados, supermercados y establecimientos educativos, entre otros puntos que van rotando a diario.<\/p>\n\n\n\n<p>A la vez, se trabaja para avanzar en la vacunaci\u00f3n de la poblaci\u00f3n migrante y de los refugiados forzados -que son alrededor de mil en Salta-, entre otros grupos.<\/p>\n\n\n\n<p>En Santiago del Estero, el Ministerio de Salud iniciar\u00e1 el viernes, de 10 a 16, una jornada masiva de vacunaci\u00f3n del segundo refuerzo en clubes deportivos Almirante Brown, Nicol\u00e1s Avellaneda, Borges, Dorrego de la capital santiague\u00f1a y Tiro Federal de la ciudad de La Banda.<\/p>\n\n\n\n<p>En forma paralela las dosis estar\u00e1n disponibles en todos los vacunatorios permanentes de la provincia en sus horarios habituales y se uni\u00f3 a la campa\u00f1a la Universidad Nacional de Santiago del Estero (Unse) ya que el jueves 21 y viernes 22 en el patio central de esta casa de estudios, de 9 a 17 se vacunar\u00e1 a estudiantes y comunidad universitaria.<\/p>\n\n\n\n<p>San Juan inici\u00f3 la colocaci\u00f3n de la cuarta dosis de vacunas contra el Coronavirus a mayores de 50 a\u00f1os y menores de edad con inmunodeficiencias &#8220;en todos los vacunatorios permanentes y temporarios habilitados&#8221;, indic\u00f3 el nuevo Jefe del Programa de Inmunizaciones local, Favio Mu\u00f1oz.<\/p>\n\n\n\n<p>&#8220;Esperamos completar en pocas semanas el esquema de refuerzos a la poblaci\u00f3n priorizada para seguir con otros grupos etarios&#8221;, acot\u00f3 el funcionario y se\u00f1al\u00f3 que adem\u00e1s &#8220;a pedido de empresas, estamos llevando la vacunaci\u00f3n a domicilio&#8221; y que &#8220;pr\u00e1cticamente ya completamos la inmunizaci\u00f3n al personal de salud provincial&#8221;.<\/p>\n\n\n\n<p>En Jujuy, la cartera sanitaria local reforz\u00f3 la campa\u00f1a de vacunaci\u00f3n contra el coronavirus en escuelas donde lleva adelante un cronograma para aplicar las dosis de refuerzos para llegar a la mayor cantidad de estudiantes de todos los niveles.<\/p>\n\n\n\n<p>Esta semana se ampli\u00f3 el grupo priorizado para que los ciudadanos puedan acceder a la inoculaci\u00f3n de una cuarta dosis, con el objetivo de &#8220;disminuir la morbilidad-mortalidad y el impacto socio-econ\u00f3mico de la pandemia en las poblaciones m\u00e1s vulnerables&#8221;, dijeron fuentes del Ministerio de Salud.<\/p>\n\n\n\n<p>En la actualidad, &#8220;el 95 % de la poblaci\u00f3n ya cuenta con primera dosis, el 82% con esquema completo y continuamos avanzando con la aplicaci\u00f3n de la tercera y cuarta dosis, siempre teniendo en cuenta el transcurso de 4 meses como m\u00ednimo desde la aplicaci\u00f3n anterior&#8221;, afirmaron los voceros.<\/p>\n\n\n\n<p>El ministro de Salud de Tucum\u00e1n, Luis Medina Ru\u00edz, dijo que tras el arribo de 63.040 dosis de Pfizer pedi\u00e1tricas, de adultos y otras de AstraZeneca, &#8220;a partir de los 12 a\u00f1os las personas deben colocarse la tercera y, si pasaron m\u00e1s de cuatro meses de la tercera dosis, pueden solicitar la cuarta&#8221;.<\/p>\n\n\n\n<p>De todas formas, afirm\u00f3 que &#8220;los ni\u00f1os menores de 12 a\u00f1os con dos dosis est\u00e1n protegidos&#8221;.<\/p>\n\n\n\n<p>&#8220;Tenemos la posibilidad de vacunarnos en cualquiera de nuestros nodos&#8221;, destac\u00f3 el ministro y se\u00f1al\u00f3 que &#8220;quienes no se colocaron la primera dosis de refuerzo, que todav\u00eda son muchos, es necesario que lo hagan&#8221;.<\/p>\n\n\n\n<p>En San Luis, la ministra de Salud, Rosa D\u00e1vila, inform\u00f3 que ayer se inici\u00f3 la convocatoria para recibir la cuarta dosis y explic\u00f3 que el proceso ser\u00e1 progresivo iniciando por los grupos de riesgo que integran mayores de 50 y menores de esa edad con comorbilidades y personal sanitario.<\/p>\n\n\n\n<p>En Chubut, el ministro de Salud, Fabi\u00e1n Puratich, reconoci\u00f3 que &#8220;falta un 60% de la poblaci\u00f3n objetivo que se vacune con la dosis de refuerzo, por lo que estamos aplicando distintas estrategias&#8221;.<\/p>\n\n\n\n<p>El funcionario admiti\u00f3 que &#8220;tenemos que mejorar porque claramente en las \u00faltimas semanas fue bajando la percepci\u00f3n de riesgo&#8221; lo que implica que &#8220;la gente que antes concurr\u00eda a vacunarse por temor, lo dej\u00f3 de hacer y ahora tenemos que reforzar la campa\u00f1a, incluso al nivel del &#8216;casa por casa&#8221;.<\/p>\n\n\n\n<p>&#8220;Estuvimos vacunando en eventos especiales con equipos m\u00f3viles, como en Puerto Madryn donde se ubic\u00f3 un vacunatorio durante Semana Santa o en Comodoro Rivadavia y adem\u00e1s se ampliaron los horarios y los centros de vacunaci\u00f3n&#8221;, agreg\u00f3 y respecto a la cuarta dosis asegur\u00f3 que &#8220;se est\u00e1 haciendo de manera concomitante con la campa\u00f1a de vacunaci\u00f3n antigripal para personas mayores de 50 a\u00f1os, personal de salud e inmunocomprometidos&#8221;.<\/p>\n\n\n\n<p>En R\u00edo Negro &#8220;cada hospital diagramar\u00e1 sus jornadas y aplicaci\u00f3n de vacunas en las diferentes ciudades rionegrinas, al igual que con la primera dosis adicional&#8221;, dijeron fuentes del Ministerio de Salud provincial e instaron a la poblaci\u00f3n a &#8220;completar los esquemas de vacunaci\u00f3n para poder acceder a esta nueva dosis&#8221;.<\/p>\n\n\n\n<p>Neuqu\u00e9n comenz\u00f3 a aplicar esta semana la cuarta dosis, mientras contin\u00faa la campa\u00f1a para incentivar la inoculaci\u00f3n de quienes no hayan completado el esquema inicial.<\/p>\n\n\n\n<p>La ministra de Salud neuquina, Andrea Peve, sostuvo que &#8220;se contin\u00faa trabajando para construir la inmunidad colectiva y poner en agenda la importancia de la vacunaci\u00f3n en todos los grupos de edad&#8221;.<\/p>\n\n\n\n<p>Los dispositivos ubicados en la provincia patag\u00f3nica funcionan sin turno y los horarios se pueden consultar en https:\/\/twitter.com\/MinSaludNeuquen\/status\/1515799461343248391<\/p>\n\n\n\n<p>El ministro de Salud y Ambiente de Santa Cruz, Claudio Garc\u00eda, explic\u00f3 que esta semana se inici\u00f3 la aplicaci\u00f3n del segundo refuerzo y precis\u00f3 que &#8220;aquellos ni\u00f1os y personas que tienen problema de inmunidad grave o que tienen indicaci\u00f3n m\u00e9dica de realizar la vacunaci\u00f3n por su problem\u00e1tica de inmunidad, van a poder vacunarse tambi\u00e9n con este segundo refuerzo o cuarta dosis&#8221;.<\/p>\n\n\n\n<p>En Santa Cruz &#8220;hemos logrado un 86,1% de nuestra poblaci\u00f3n vacunada con una dosis, casi un 78% con la segunda y superamos el 26,5% con la tercera dosis&#8221;, indic\u00f3 Garc\u00eda y destac\u00f3 que en el \u00e1mbito escolar, &#8220;el 88% de nuestras ni\u00f1as, ni\u00f1os y adolescentes ya inici\u00f3 su proceso de vacunaci\u00f3n y el 73% tiene un esquema completo, es decir, primera y segunda dosis, el denominado esquema primario completo de vacunaci\u00f3n&#8221;.<\/p>\n\n\n\n<p>El Ministerio de Salud de Tierra del Fuego instrument\u00f3 desde el lunes un operativo para aplicar \u201ca libre demanda\u201d el segundo refuerzo de la vacuna anticovid junto a la inoculaci\u00f3n para quienes no han completado el esquema de vacunaci\u00f3n, ya sea por la falta del primer refuerzo o de las dos aplicaciones iniciales.<\/p>\n\n\n\n<p>El operativo convoc\u00f3 a las personas abarcadas por los requisitos a presentarse \u201csin turno previo\u201d en los centros de salud de la provincia, de 8 a 18, y las autoridades precisaron que la vacuna anticovid \u201cse puede aplicar en forma simult\u00e1nea con la vacuna antigripal, y no es necesario ning\u00fan intervalo de tiempo entre la colocaci\u00f3n de ambas\u201d.<\/p>\n","protected":false},"excerpt":{"rendered":"<p>La aplicaci\u00f3n de refuerzos a la vacunaci\u00f3n anticovid, con terceras y cuartas dosis, avanzaba esta semana en las provincias en forma paralela a la campa\u00f1a de inmunizaci\u00f3n antigripal y las autoridades de Salud instaron a la poblaci\u00f3n a completar los esquemas para reducir riesgos ante la inminente llegada del clima fr\u00edo. La ministra de Salud [&hellip;]<\/p>\n","protected":false},"author":1,"featured_media":1097,"comment_status":"open","ping_status":"open","sticky":false,"template":"","format":"standard","meta":{"_monsterinsights_skip_tracking":false,"_monsterinsights_sitenote_active":false,"_monsterinsights_sitenote_note":"","_monsterinsights_sitenote_category":0,"footnotes":""},"categories":[151],"tags":[160],"class_list":["post-1901","post","type-post","status-publish","format-standard","has-post-thumbnail","hentry","category-salud","tag-160"],"_links":{"self":[{"href":"https:\/\/news.digitaltv.com.ar\/index.php?rest_route=\/wp\/v2\/posts\/1901","targetHints":{"allow":["GET"]}}],"collection":[{"href":"https:\/\/news.digitaltv.com.ar\/index.php?rest_route=\/wp\/v2\/posts"}],"about":[{"href":"https:\/\/news.digitaltv.com.ar\/index.php?rest_route=\/wp\/v2\/types\/post"}],"author":[{"embeddable":true,"href":"https:\/\/news.digitaltv.com.ar\/index.php?rest_route=\/wp\/v2\/users\/1"}],"replies":[{"embeddable":true,"href":"https:\/\/news.digitaltv.com.ar\/index.php?rest_route=%2Fwp%2Fv2%2Fcomments&post=1901"}],"version-history":[{"count":1,"href":"https:\/\/news.digitaltv.com.ar\/index.php?rest_route=\/wp\/v2\/posts\/1901\/revisions"}],"predecessor-version":[{"id":1902,"href":"https:\/\/news.digitaltv.com.ar\/index.php?rest_route=\/wp\/v2\/posts\/1901\/revisions\/1902"}],"wp:featuredmedia":[{"embeddable":true,"href":"https:\/\/news.digitaltv.com.ar\/index.php?rest_route=\/wp\/v2\/media\/1097"}],"wp:attachment":[{"href":"https:\/\/news.digitaltv.com.ar\/index.php?rest_route=%2Fwp%2Fv2%2Fmedia&parent=1901"}],"wp:term":[{"taxonomy":"category","embeddable":true,"href":"https:\/\/news.digitaltv.com.ar\/index.php?rest_route=%2Fwp%2Fv2%2Fcategories&post=1901"},{"taxonomy":"post_tag","embeddable":true,"href":"https:\/\/news.digitaltv.com.ar\/index.php?rest_route=%2Fwp%2Fv2%2Ftags&post=1901"}],"curies":[{"name":"wp","href":"https:\/\/api.w.org\/{rel}","templated":true}]}}