{"id":1915,"date":"2022-04-20T08:33:51","date_gmt":"2022-04-20T11:33:51","guid":{"rendered":"https:\/\/wp.digitaltv.com.ar\/?p=1915"},"modified":"2022-04-20T08:34:11","modified_gmt":"2022-04-20T11:34:11","slug":"kevin-johansen-lanza-tema-junto-a-natalia-lafourcade-como-nuevo-anticipo-de-su-proximo-disco","status":"publish","type":"post","link":"https:\/\/news.digitaltv.com.ar\/?p=1915","title":{"rendered":"Kevin Johansen lanza tema junto a Natalia Lafourcade como nuevo anticipo de su pr\u00f3ximo disco"},"content":{"rendered":"\n<p>Como tercer anticipo de lo que ser\u00e1 su nuevo disco de estudio, Kevin Johansen lanz\u00f3 &#8220;T\u00fa ve&#8221;, una canci\u00f3n en la que aparece como voz invitada la artista mexicana Natalia Lafourcade.<\/p>\n\n\n\n<p>&#8220;Es un manifiesto sobre el amor y sus infinitas formas, sobre su diversidad. Siempre imagin\u00e9 la voz y el esp\u00edritu de mi querida y admirada Natalia Lafourcade interpret\u00e1ndola. Cuando le propuse ser parte de este disco, tuve la suerte de que ella eligiera esta canci\u00f3n. \u00a1Estoy tan feliz con el resultado! Hechizante, imborrable, fantasmag\u00f3rica&#8221;, dijo el m\u00fasico a trav\u00e9s de un comunicado de prensa.<\/p>\n\n\n\n<p>El tema, al que el propio Johansen define como &#8220;un vals latinoamericano&#8221;, cont\u00f3 con la producci\u00f3n del uruguayo Juan Campod\u00f3nico y del argentino Diego Mema.<\/p>\n\n\n\n<p>&#8220;T\u00fa ve&#8221; se suma as\u00ed a las ya presentadas &#8220;Last Night I Was Dreaming With You&#8221;, primer corte en el que participa David Byrne; y a &#8220;Suzanne&#8221;, en el que interviene Jorge Drexler; las cuales formar\u00e1n parte del nuevo disco de estudio de Kevin Johansen.<\/p>\n\n\n\n<p>Hasta el momento, se inform\u00f3 que se trata de &#8220;un \u00e1lbum que versiona y reversiona temas propios y canciones de otros, explorando la invitaci\u00f3n a cantantes&#8221;, seg\u00fan palabras de Campod\u00f3nico.<\/p>\n\n\n\n<p>De alguna manera, el concepto del disco acompa\u00f1\u00f3 a Johansen en la reciente gira &#8220;Vecino Tour&#8221;, con la que recorri\u00f3 gran parte de Chile con un repertorio conformado por sus grandes \u00e9xitos y versiones de otros autores.<\/p>\n","protected":false},"excerpt":{"rendered":"<p>Como tercer anticipo de lo que ser\u00e1 su nuevo disco de estudio, Kevin Johansen lanz\u00f3 &#8220;T\u00fa ve&#8221;, una canci\u00f3n en la que aparece como voz invitada la artista mexicana Natalia Lafourcade. &#8220;Es un manifiesto sobre el amor y sus infinitas formas, sobre su diversidad. Siempre imagin\u00e9 la voz y el esp\u00edritu de mi querida y [&hellip;]<\/p>\n","protected":false},"author":1,"featured_media":1916,"comment_status":"open","ping_status":"open","sticky":false,"template":"","format":"standard","meta":{"_monsterinsights_skip_tracking":false,"_monsterinsights_sitenote_active":false,"_monsterinsights_sitenote_note":"","_monsterinsights_sitenote_category":0,"footnotes":""},"categories":[155],"tags":[171],"class_list":["post-1915","post","type-post","status-publish","format-standard","has-post-thumbnail","hentry","category-cultura","tag-171"],"_links":{"self":[{"href":"https:\/\/news.digitaltv.com.ar\/index.php?rest_route=\/wp\/v2\/posts\/1915","targetHints":{"allow":["GET"]}}],"collection":[{"href":"https:\/\/news.digitaltv.com.ar\/index.php?rest_route=\/wp\/v2\/posts"}],"about":[{"href":"https:\/\/news.digitaltv.com.ar\/index.php?rest_route=\/wp\/v2\/types\/post"}],"author":[{"embeddable":true,"href":"https:\/\/news.digitaltv.com.ar\/index.php?rest_route=\/wp\/v2\/users\/1"}],"replies":[{"embeddable":true,"href":"https:\/\/news.digitaltv.com.ar\/index.php?rest_route=%2Fwp%2Fv2%2Fcomments&post=1915"}],"version-history":[{"count":1,"href":"https:\/\/news.digitaltv.com.ar\/index.php?rest_route=\/wp\/v2\/posts\/1915\/revisions"}],"predecessor-version":[{"id":1917,"href":"https:\/\/news.digitaltv.com.ar\/index.php?rest_route=\/wp\/v2\/posts\/1915\/revisions\/1917"}],"wp:featuredmedia":[{"embeddable":true,"href":"https:\/\/news.digitaltv.com.ar\/index.php?rest_route=\/wp\/v2\/media\/1916"}],"wp:attachment":[{"href":"https:\/\/news.digitaltv.com.ar\/index.php?rest_route=%2Fwp%2Fv2%2Fmedia&parent=1915"}],"wp:term":[{"taxonomy":"category","embeddable":true,"href":"https:\/\/news.digitaltv.com.ar\/index.php?rest_route=%2Fwp%2Fv2%2Fcategories&post=1915"},{"taxonomy":"post_tag","embeddable":true,"href":"https:\/\/news.digitaltv.com.ar\/index.php?rest_route=%2Fwp%2Fv2%2Ftags&post=1915"}],"curies":[{"name":"wp","href":"https:\/\/api.w.org\/{rel}","templated":true}]}}