{"id":1925,"date":"2022-04-20T10:33:36","date_gmt":"2022-04-20T13:33:36","guid":{"rendered":"https:\/\/wp.digitaltv.com.ar\/?p=1925"},"modified":"2022-04-20T10:34:10","modified_gmt":"2022-04-20T13:34:10","slug":"lali-esposito-invito-a-uno-de-sus-shows-a-una-nina-de-5-anos-que-sufre-bullying","status":"publish","type":"post","link":"https:\/\/news.digitaltv.com.ar\/?p=1925","title":{"rendered":"Lali Esp\u00f3sito invit\u00f3 a uno de sus shows a una ni\u00f1a de 5 a\u00f1os que sufre bullying"},"content":{"rendered":"\n<p>La cantante Lali Esp\u00f3sito public\u00f3 hoy un video con un mensaje afectuoso en el que invit\u00f3 a su show a una ni\u00f1a mendocina de 5 a\u00f1os que fue filmada por su t\u00eda cuando manifestaba su angustia por el bullying que sufr\u00eda desde el jard\u00edn de infantes, en el que dec\u00eda estar &#8220;cansada&#8221; y no querer volver al establecimiento escolar, una historia que se volvi\u00f3 viral.<\/p>\n\n\n\n<p>&#8220;Agustina, yo soy Lali, no s\u00e9 si me conoc\u00e9s, pero yo s\u00ed a vos. Me encantar\u00eda ser tu amiga. Quiero decirte que sos muy especial, sos una reina total, me enter\u00e9 que sos hermosa, que te gusta bailar, pintar y hacer de todo&#8221;, le dijo Lali a la ni\u00f1a en un video enviado a la familia que public\u00f3 Mariela Paz, t\u00eda de la menor de edad, en sus redes.<\/p>\n\n\n\n<p>Tras lo cual, Esp\u00f3sito agreg\u00f3: &#8220;Me dijo tu mam\u00e1 que sos lo m\u00e1s, quiero decirte que hay que estar contentos, que no hay que llorar porque uno siempre tiene que amarse, uno tiene mucha gente que lo quiere, mir\u00e1 la mam\u00e1 que ten\u00e9s&#8221;.<\/p>\n\n\n\n<p>Luego, Lali expres\u00f3 sus ganas de conocerla en Mendoza, provincia donde reside, y la invit\u00f3 a uno de sus shows.<\/p>\n\n\n\n<p>&#8220;Te quer\u00eda invitar a vos y a tu mam\u00e1, si es que pod\u00e9s, a uno de los shows que voy a hacer en Buenos Aires&#8221;, dijo.<\/p>\n\n\n\n<p>La reacci\u00f3n de Lali fue a un video que se hizo viral en Facebook d\u00edas atr\u00e1s, en el que la ni\u00f1a expresaba su desesperaci\u00f3n y angustia por el bullying que sufr\u00eda de parte de sus compa\u00f1eros desde que comenz\u00f3 el jard\u00edn de infantes.<\/p>\n\n\n\n<p>&#8220;Gorda, gorda y chancha, todo; ya estoy cansada&#8221;, dec\u00eda la nena, quien ante la pregunta de su t\u00eda sobre si quer\u00eda dejar de ir a la escuela, respondi\u00f3: &#8220;No quiero ir, ya estoy cansada&#8221;.<\/p>\n","protected":false},"excerpt":{"rendered":"<p>La cantante Lali Esp\u00f3sito public\u00f3 hoy un video con un mensaje afectuoso en el que invit\u00f3 a su show a una ni\u00f1a mendocina de 5 a\u00f1os que fue filmada por su t\u00eda cuando manifestaba su angustia por el bullying que sufr\u00eda desde el jard\u00edn de infantes, en el que dec\u00eda estar &#8220;cansada&#8221; y no querer [&hellip;]<\/p>\n","protected":false},"author":1,"featured_media":1926,"comment_status":"open","ping_status":"open","sticky":false,"template":"","format":"standard","meta":{"_monsterinsights_skip_tracking":false,"_monsterinsights_sitenote_active":false,"_monsterinsights_sitenote_note":"","_monsterinsights_sitenote_category":0,"footnotes":""},"categories":[155],"tags":[171],"class_list":["post-1925","post","type-post","status-publish","format-standard","has-post-thumbnail","hentry","category-cultura","tag-171"],"_links":{"self":[{"href":"https:\/\/news.digitaltv.com.ar\/index.php?rest_route=\/wp\/v2\/posts\/1925","targetHints":{"allow":["GET"]}}],"collection":[{"href":"https:\/\/news.digitaltv.com.ar\/index.php?rest_route=\/wp\/v2\/posts"}],"about":[{"href":"https:\/\/news.digitaltv.com.ar\/index.php?rest_route=\/wp\/v2\/types\/post"}],"author":[{"embeddable":true,"href":"https:\/\/news.digitaltv.com.ar\/index.php?rest_route=\/wp\/v2\/users\/1"}],"replies":[{"embeddable":true,"href":"https:\/\/news.digitaltv.com.ar\/index.php?rest_route=%2Fwp%2Fv2%2Fcomments&post=1925"}],"version-history":[{"count":1,"href":"https:\/\/news.digitaltv.com.ar\/index.php?rest_route=\/wp\/v2\/posts\/1925\/revisions"}],"predecessor-version":[{"id":1927,"href":"https:\/\/news.digitaltv.com.ar\/index.php?rest_route=\/wp\/v2\/posts\/1925\/revisions\/1927"}],"wp:featuredmedia":[{"embeddable":true,"href":"https:\/\/news.digitaltv.com.ar\/index.php?rest_route=\/wp\/v2\/media\/1926"}],"wp:attachment":[{"href":"https:\/\/news.digitaltv.com.ar\/index.php?rest_route=%2Fwp%2Fv2%2Fmedia&parent=1925"}],"wp:term":[{"taxonomy":"category","embeddable":true,"href":"https:\/\/news.digitaltv.com.ar\/index.php?rest_route=%2Fwp%2Fv2%2Fcategories&post=1925"},{"taxonomy":"post_tag","embeddable":true,"href":"https:\/\/news.digitaltv.com.ar\/index.php?rest_route=%2Fwp%2Fv2%2Ftags&post=1925"}],"curies":[{"name":"wp","href":"https:\/\/api.w.org\/{rel}","templated":true}]}}