{"id":1956,"date":"2022-04-21T08:24:47","date_gmt":"2022-04-21T11:24:47","guid":{"rendered":"https:\/\/wp.digitaltv.com.ar\/?p=1956"},"modified":"2022-04-22T08:25:05","modified_gmt":"2022-04-22T11:25:05","slug":"martha-pomar-resalto-que-desde-provincia-nos-felicitaron-por-el-orden-que-tiene-el-consejo-de-pergamino","status":"publish","type":"post","link":"https:\/\/news.digitaltv.com.ar\/?p=1956","title":{"rendered":"Martha Pomar resalt\u00f3 que desde provincia \u201cnos felicitaron por el orden que tiene el consejo de Pergamino\u201d"},"content":{"rendered":"\n<p>Martha Pomar forma parte del concejo escolar y es quien est\u00e1 en la comisi\u00f3n del servicio alimentario escolar \u201cen Pergamino hay 1332 cupos\u201d para recibir los bolsones que fueron implementados en el inicio de la pandemia &#8220;mes a mes hacemos un replanteo de cada escuela, en marzo reci\u00e9n tuvimos a todos los chicos en la escuela, se reparten dependiendo la matricula de vulnerabilidad, puede pasar que en alguna escuela quede algun excedente porque los padres no retiran&#8221; detall\u00f3.<\/p>\n\n\n\n<p>Con respecto al planteo de Mazzola agreg\u00f3 que \u201ces informaci\u00f3n p\u00fablica el consejo tiene la potestad de otorgar los alimentos, y eso se respeta, lo que tenemos es informaci\u00f3n que surge de la escuela\u201d aclarando la metodolog\u00eda de entrega &#8220;esta se\u00f1ora participa de las reuniones distritales, el trabajo lo hacemos de manera mancomunada\u201d sosteniendo que la informaci\u00f3n la conoce.<\/p>\n\n\n\n<p>Por otro lado resalta que con \u201ccon la provincia tenemos comunicaci\u00f3n constante, una semana atr\u00e1s tuvimos una reuni\u00f3n y nos felicitaron por el orden que tiene el consejo de Pergamino&#8221; a su vez agreg\u00f3 que en lo personal sostiene que \u201clos comedores funcionan en su mayor\u00eda, el a\u00f1o pasado se destinaron 300 millones de pesos en concepto de bolsones, esa plata si se pudiera invertir servir\u00eda para acondicionar 30 escuelas, se est\u00e1 utilizando la entrega de eso para hacer pol\u00edtico\u201d descartando as\u00ed la duda que planteo la referente local de SUTEBA.<\/p>\n","protected":false},"excerpt":{"rendered":"<p>Martha Pomar forma parte del concejo escolar y es quien est\u00e1 en la comisi\u00f3n del servicio alimentario escolar \u201cen Pergamino hay 1332 cupos\u201d para recibir los bolsones que fueron implementados en el inicio de la pandemia &#8220;mes a mes hacemos un replanteo de cada escuela, en marzo reci\u00e9n tuvimos a todos los chicos en la [&hellip;]<\/p>\n","protected":false},"author":2,"featured_media":1957,"comment_status":"open","ping_status":"open","sticky":false,"template":"","format":"standard","meta":{"_monsterinsights_skip_tracking":false,"_monsterinsights_sitenote_active":false,"_monsterinsights_sitenote_note":"","_monsterinsights_sitenote_category":0,"footnotes":""},"categories":[152],"tags":[169],"class_list":["post-1956","post","type-post","status-publish","format-standard","has-post-thumbnail","hentry","category-pergamino","tag-169"],"_links":{"self":[{"href":"https:\/\/news.digitaltv.com.ar\/index.php?rest_route=\/wp\/v2\/posts\/1956","targetHints":{"allow":["GET"]}}],"collection":[{"href":"https:\/\/news.digitaltv.com.ar\/index.php?rest_route=\/wp\/v2\/posts"}],"about":[{"href":"https:\/\/news.digitaltv.com.ar\/index.php?rest_route=\/wp\/v2\/types\/post"}],"author":[{"embeddable":true,"href":"https:\/\/news.digitaltv.com.ar\/index.php?rest_route=\/wp\/v2\/users\/2"}],"replies":[{"embeddable":true,"href":"https:\/\/news.digitaltv.com.ar\/index.php?rest_route=%2Fwp%2Fv2%2Fcomments&post=1956"}],"version-history":[{"count":1,"href":"https:\/\/news.digitaltv.com.ar\/index.php?rest_route=\/wp\/v2\/posts\/1956\/revisions"}],"predecessor-version":[{"id":1958,"href":"https:\/\/news.digitaltv.com.ar\/index.php?rest_route=\/wp\/v2\/posts\/1956\/revisions\/1958"}],"wp:featuredmedia":[{"embeddable":true,"href":"https:\/\/news.digitaltv.com.ar\/index.php?rest_route=\/wp\/v2\/media\/1957"}],"wp:attachment":[{"href":"https:\/\/news.digitaltv.com.ar\/index.php?rest_route=%2Fwp%2Fv2%2Fmedia&parent=1956"}],"wp:term":[{"taxonomy":"category","embeddable":true,"href":"https:\/\/news.digitaltv.com.ar\/index.php?rest_route=%2Fwp%2Fv2%2Fcategories&post=1956"},{"taxonomy":"post_tag","embeddable":true,"href":"https:\/\/news.digitaltv.com.ar\/index.php?rest_route=%2Fwp%2Fv2%2Ftags&post=1956"}],"curies":[{"name":"wp","href":"https:\/\/api.w.org\/{rel}","templated":true}]}}