{"id":1990,"date":"2022-04-21T21:25:29","date_gmt":"2022-04-22T00:25:29","guid":{"rendered":"https:\/\/wp.digitaltv.com.ar\/?p=1990"},"modified":"2022-04-22T14:10:14","modified_gmt":"2022-04-22T17:10:14","slug":"facundo-pastor-creo-que-el-periodismo-no-debe-perder-ese-desafio-de-seguir-contando-buenas-historias","status":"publish","type":"post","link":"https:\/\/news.digitaltv.com.ar\/?p=1990","title":{"rendered":"Facundo Pastor: &#8220;Creo que el periodismo no debe perder ese desaf\u00edo de seguir contando buenas historias&#8221;"},"content":{"rendered":"\n<p>El periodista Facundo Pastor dialog\u00f3, en exclusiva, con el programa \u201cEsto es lo que Hay\u201d, acerca de su nuevo libro \u201cEmboscada\u201d, una investigaci\u00f3n acerca de c\u00f3mo fue el operativo que culmin\u00f3 con la desaparici\u00f3n de Rodolfo Walsh.<\/p>\n\n\n\n<p>\u201cEmboscada es una reconstrucci\u00f3n de c\u00f3mo fue el asesinato de Rodolfo Walsh, que sucedi\u00f3 hace 45 a\u00f1os. Es un libro que intenta reconstruir c\u00f3mo fueron las \u00faltimas semanas en la vida del periodista y escritor, pero tambi\u00e9n es una b\u00fasqueda que yo empec\u00e9, hace mucho tiempo, para tratar de encontrar los papeles que los Marinos le robaron en el operativo posterior al secuestro. A Walsh lo secuestraron en plena Capital Federal, a las horas fueron a su casa, rompieron todo y robaron sus papales, sus cuentos, sus documentos. Esos papeles, como su cuerpo, fueron a parar a la ESMA, y nunca m\u00e1s se supo ni de su cuerpo, ni de sus documentos\u201d, comenta en el inicio de la entrevista el periodista. \u201cUn poco, \u00b4Emboscada\u00b4 viene a tratar de iniciar un camino de b\u00fasqueda, un intento de esclarecimiento. \u00b4Emboscada\u00b4 no es una biograf\u00eda sobre Walsh, sino que es un libro de investigaci\u00f3n obsesiva, y es, en definitiva, una b\u00fasqueda\u201d.<\/p>\n\n\n\n<p>Este es el tercer libro de Facundo Pastor (El gran arrepentido de la mafia del f\u00fatbol y Nisman). <br>\u201cEste libro es distinto a los dem\u00e1s. La investigaci\u00f3n de Nisman fue muy inc\u00f3moda, por todo lo que se estaba viviendo en la causa. Hoy me da orgullo leer ese libro y saber que no hay un solo dato desactualizado, en una causa en la que todav\u00eda es un misterio lo que pas\u00f3.<\/p>\n\n\n\n<p>\u00b4El gran arrepentido\u00b4 es una historia de un poderoso, como era Alejandro Burzaco, una historia de los popes del f\u00fatbol, que cuando se ve acorralado y cuando sabe que pesa sobre \u00e9l un pedido de captura por el FIFA-Gate empieza a escapar por toda Europa, y ese escape funciona como una negociaci\u00f3n. Es dos libros me encant\u00f3 hacerlos, siempre son experiencias muy enriquecedoras, pero \u00b4Emboscada\u00b4 es distinto, porque creo que es una investigaci\u00f3n incompleta, es un libro abierto en el sentido que todav\u00eda hay muchos interrogantes por responder. <br>No cuento a Rodolfo Walsh desde un lugar de santificaci\u00f3n, sino que voy detr\u00e1s de la fuerza de los hechos, detr\u00e1s de las descripciones. Tampoco es un libro estrictamente sobre los \u00b470, sino que permite ver a un tipo desesperado, con miedo, acorralado, perseguido y finalmente secuestrado y asesinado\u201d.<\/p>\n\n\n\n<p>Al final, el periodista reflexion\u00f3 acerca de lo que augura con el libro hacia el lector: \u201cOjal\u00e1 que el libro provoque que aparezcan esos papeles, no para mi sino para la familia, y para todos los lectores de Walsh que precian su buena literatura. Yo estoy convencido que esos papeles est\u00e1n, existen y tienen que aparecer. <br>Creo que el periodismo no debe perder ese desaf\u00edo de seguir contando buenas historias, buscando detr\u00e1s de las buenas historias. Esta es una historia que me atrap\u00f3, y por ende intento que atrape a los lectores\u201d.<\/p>\n","protected":false},"excerpt":{"rendered":"<p>El periodista Facundo Pastor dialog\u00f3, en exclusiva, con el programa \u201cEsto es lo que Hay\u201d, acerca de su nuevo libro \u201cEmboscada\u201d, una investigaci\u00f3n acerca de c\u00f3mo fue el operativo que culmin\u00f3 con la desaparici\u00f3n de Rodolfo Walsh.<\/p>\n","protected":false},"author":3,"featured_media":1991,"comment_status":"open","ping_status":"open","sticky":false,"template":"","format":"standard","meta":{"_monsterinsights_skip_tracking":false,"_monsterinsights_sitenote_active":false,"_monsterinsights_sitenote_note":"","_monsterinsights_sitenote_category":0,"footnotes":""},"categories":[150],"tags":[160],"class_list":["post-1990","post","type-post","status-publish","format-standard","has-post-thumbnail","hentry","category-actualidad","tag-160"],"_links":{"self":[{"href":"https:\/\/news.digitaltv.com.ar\/index.php?rest_route=\/wp\/v2\/posts\/1990","targetHints":{"allow":["GET"]}}],"collection":[{"href":"https:\/\/news.digitaltv.com.ar\/index.php?rest_route=\/wp\/v2\/posts"}],"about":[{"href":"https:\/\/news.digitaltv.com.ar\/index.php?rest_route=\/wp\/v2\/types\/post"}],"author":[{"embeddable":true,"href":"https:\/\/news.digitaltv.com.ar\/index.php?rest_route=\/wp\/v2\/users\/3"}],"replies":[{"embeddable":true,"href":"https:\/\/news.digitaltv.com.ar\/index.php?rest_route=%2Fwp%2Fv2%2Fcomments&post=1990"}],"version-history":[{"count":2,"href":"https:\/\/news.digitaltv.com.ar\/index.php?rest_route=\/wp\/v2\/posts\/1990\/revisions"}],"predecessor-version":[{"id":2009,"href":"https:\/\/news.digitaltv.com.ar\/index.php?rest_route=\/wp\/v2\/posts\/1990\/revisions\/2009"}],"wp:featuredmedia":[{"embeddable":true,"href":"https:\/\/news.digitaltv.com.ar\/index.php?rest_route=\/wp\/v2\/media\/1991"}],"wp:attachment":[{"href":"https:\/\/news.digitaltv.com.ar\/index.php?rest_route=%2Fwp%2Fv2%2Fmedia&parent=1990"}],"wp:term":[{"taxonomy":"category","embeddable":true,"href":"https:\/\/news.digitaltv.com.ar\/index.php?rest_route=%2Fwp%2Fv2%2Fcategories&post=1990"},{"taxonomy":"post_tag","embeddable":true,"href":"https:\/\/news.digitaltv.com.ar\/index.php?rest_route=%2Fwp%2Fv2%2Ftags&post=1990"}],"curies":[{"name":"wp","href":"https:\/\/api.w.org\/{rel}","templated":true}]}}