{"id":2002,"date":"2022-04-22T10:41:23","date_gmt":"2022-04-22T13:41:23","guid":{"rendered":"https:\/\/wp.digitaltv.com.ar\/?p=2002"},"modified":"2022-04-25T08:29:12","modified_gmt":"2022-04-25T11:29:12","slug":"un-cortometraje-de-cultura-pergamino-competira-en-un-festival-internacional-de-cine","status":"publish","type":"post","link":"https:\/\/news.digitaltv.com.ar\/?p=2002","title":{"rendered":"Un cortometraje de Cultura Pergamino competir\u00e1 en un Festival Internacional de Cine"},"content":{"rendered":"\n<p>\u201cCartas del Abrazo\u201d es el cortometraje que produjo la Subsecretar\u00eda de Cultura en el marco del programa \u201cPergamino Tierra de Don Ata\u201d y aborda la relaci\u00f3n entre Atahualpa Yupanqui y su esposa Nenette. El mismo fue dirigido por Ra\u00fal Notta y seleccionado para el Ba\u00f1os de Agua Santa Internacional Film Festival que se realizar\u00e1 en la ciudad ecuatoriana del mismo nombre durante el mes de mayo.<br>Seg\u00fan los criterios de evaluaci\u00f3n del jurado calificador, \u201cCartas del Abrazo\u201d se encuentra en la SELECCI\u00d3N OFICIAL BASIFF2022 en categor\u00eda cortometraje. El festival iniciar\u00e1 el 15 de mayo y la ceremonia de premiaci\u00f3n se realizar\u00e1 el d\u00eda domingo 29 de mayo en el Teatro Municipal Nicola Fiallos, contando con una agenda de proyecciones, charlas, master class, di\u00e1logos, tour de locaciones, transmisiones en vivo, acampadas, caminatas audiovisuales en la ciudad, encuentro de cineasta y cin\u00e9filos, entre otras actividades.<br>El corto fue producido \u00edntegramente en Pergamino por un equipo de actores, t\u00e9cnicos y profesionales dirigido por Ra\u00fal Notta. La actuaci\u00f3n estuvo a cargo de Nora Conti, Sergio Cordero y Nahuel Notta; la iluminaci\u00f3n de Facundo Cruz, el trabajo de c\u00e1mara y compaginaci\u00f3n estuvo en manos de Daniel Fern\u00e1ndez, en tanto Marcela L\u00f3pez se encarg\u00f3 del arte y la asistencia de direcci\u00f3n.<br>El escenario principal de la historia transcurre en la casa de la familia Cifuentes Villanueva, que conforma el valioso patrimonio arquitect\u00f3nico de nuestra ciudad ya que fue galardonada con el Premio Fomento Edilicio Municipal 1926. La pel\u00edcula permite apreciar el mobiliario original del siglo pasado como as\u00ed tambi\u00e9n vitrales y ambientaciones propias de la \u00e9poca.<br>El gui\u00f3n de \u201cCartas de Abrazo\u201d est\u00e1 basado en un libro compilado por V\u00edctor Pintos que recupera gran parte de las esquelas que intercambi\u00f3 el matrimonio durante los viajes de Yupanqui en Europa y Jap\u00f3n. Tambi\u00e9n colaboraron en el corto Mauro Ganem, la familia Lanzillotta y la Comisi\u00f3n de Apoyo de la Biblioteca Men\u00e9ndez.<br>\u201cCartas del Abrazo\u201d nos habla de una historia de amor, la de Nenette y Don Ata. Yupanqui lleg\u00f3 a enviarle m\u00e1s de tres mil cartas a su mujer, Antonieta Pepin Fitzpatrick, \u201cNenette\u201d. El intercambio de mensajes escritos, un arte hoy casi olvidado por la prisa del e-mail, encarna la cr\u00f3nica de una pareja que se quiso con fuerza durante m\u00e1s de medio siglo. El video puede verse a trav\u00e9s del canal de youtube de Cultura Pergamino.<\/p>\n","protected":false},"excerpt":{"rendered":"<p>\u201cCartas del Abrazo\u201d es el cortometraje que produjo la Subsecretar\u00eda de Cultura en el marco del programa \u201cPergamino Tierra de Don Ata\u201d y aborda la relaci\u00f3n entre Atahualpa Yupanqui y su esposa Nenette. El mismo fue dirigido por Ra\u00fal Notta y seleccionado para el Ba\u00f1os de Agua Santa Internacional Film Festival que se realizar\u00e1 en [&hellip;]<\/p>\n","protected":false},"author":1,"featured_media":2003,"comment_status":"open","ping_status":"open","sticky":false,"template":"","format":"standard","meta":{"_monsterinsights_skip_tracking":false,"_monsterinsights_sitenote_active":false,"_monsterinsights_sitenote_note":"","_monsterinsights_sitenote_category":0,"footnotes":""},"categories":[155],"tags":[159],"class_list":["post-2002","post","type-post","status-publish","format-standard","has-post-thumbnail","hentry","category-cultura","tag-159"],"_links":{"self":[{"href":"https:\/\/news.digitaltv.com.ar\/index.php?rest_route=\/wp\/v2\/posts\/2002","targetHints":{"allow":["GET"]}}],"collection":[{"href":"https:\/\/news.digitaltv.com.ar\/index.php?rest_route=\/wp\/v2\/posts"}],"about":[{"href":"https:\/\/news.digitaltv.com.ar\/index.php?rest_route=\/wp\/v2\/types\/post"}],"author":[{"embeddable":true,"href":"https:\/\/news.digitaltv.com.ar\/index.php?rest_route=\/wp\/v2\/users\/1"}],"replies":[{"embeddable":true,"href":"https:\/\/news.digitaltv.com.ar\/index.php?rest_route=%2Fwp%2Fv2%2Fcomments&post=2002"}],"version-history":[{"count":1,"href":"https:\/\/news.digitaltv.com.ar\/index.php?rest_route=\/wp\/v2\/posts\/2002\/revisions"}],"predecessor-version":[{"id":2004,"href":"https:\/\/news.digitaltv.com.ar\/index.php?rest_route=\/wp\/v2\/posts\/2002\/revisions\/2004"}],"wp:featuredmedia":[{"embeddable":true,"href":"https:\/\/news.digitaltv.com.ar\/index.php?rest_route=\/wp\/v2\/media\/2003"}],"wp:attachment":[{"href":"https:\/\/news.digitaltv.com.ar\/index.php?rest_route=%2Fwp%2Fv2%2Fmedia&parent=2002"}],"wp:term":[{"taxonomy":"category","embeddable":true,"href":"https:\/\/news.digitaltv.com.ar\/index.php?rest_route=%2Fwp%2Fv2%2Fcategories&post=2002"},{"taxonomy":"post_tag","embeddable":true,"href":"https:\/\/news.digitaltv.com.ar\/index.php?rest_route=%2Fwp%2Fv2%2Ftags&post=2002"}],"curies":[{"name":"wp","href":"https:\/\/api.w.org\/{rel}","templated":true}]}}