{"id":2016,"date":"2022-04-22T14:13:00","date_gmt":"2022-04-22T17:13:00","guid":{"rendered":"https:\/\/wp.digitaltv.com.ar\/?p=2016"},"modified":"2022-04-22T14:13:17","modified_gmt":"2022-04-22T17:13:17","slug":"manana-fiesta-de-lectores-en-la-biblioteca-menendez","status":"publish","type":"post","link":"https:\/\/news.digitaltv.com.ar\/?p=2016","title":{"rendered":"Ma\u00f1ana: Fiesta de lectores en la Biblioteca Men\u00e9ndez"},"content":{"rendered":"\n<p>Ma\u00f1ana es el D\u00eda Internacional del Libro y la Biblioteca Men\u00e9ndez lo festeja con una gran \u201cFiesta de los Lectores\u201d al aire libre que comenzar\u00e1 desde las 14 horas con diversos talleres.<br>Las propuestas incluyen taller de Juguetes (a cargo de Hern\u00e1n Lira); Reciclado de papel (por Andrea Alonso ); Encuadernaci\u00f3n (dictado por las personas que se capacitaron durante el a\u00f1o pasado) y Susurro y Narraci\u00f3n de cuentos a cargo de la narradora Gabriela C\u00e1rcamo.<br>A las 17 horas en el escenario de la Plaza de los Lectores se sumar\u00e1 el rock con la participaci\u00f3n de la emblem\u00e1tica banda local \u201cLa Cisura de Silvio\u201d quienes anticipar\u00e1n el cierre de la fiesta que ser\u00e1 a las 19 horas en el Auditorio Municipal con la presentaci\u00f3n del libro \u201cLa cartera de los dioses\u201d de Patricia Julio.<br>Patricia Julio<br>La Cartera de los Dioses: Desde Babilonia pasando por M\u00e9xico y hasta Ecuador, de Ediciones Felicita, es la producci\u00f3n que presentar\u00e1 Patricia Julio en el marco del D\u00eda Internacional del Libro en el auditorio de la Biblioteca Men\u00e9ndez.<br>La autora se refiere a su obra comentando: \u201cEn una reciente recopilaci\u00f3n de objetos arqueol\u00f3gicos pertenecientes a las civilizaciones m\u00e1s antiguas del mundo, he podido reconocer la notable utilidad de bolsos o carteras. Estos art\u00edculos fueron graficados porque formaron parte de la escena diaria y ritual, pues ellos conten\u00edan tambi\u00e9n objetos preciados.\u201d<br>As\u00ed, Patricia Julio, desde el mundo art\u00edstico publicitario, invita a mirar aquello que siempre estuvo y nunca es visto. Este libro ha sido sumado a las colecciones de las siguientes bibliotecas nortemericanas: Library of Congress, The New York public Library y Harvard College Library.<\/p>\n","protected":false},"excerpt":{"rendered":"<p>Ma\u00f1ana es el D\u00eda Internacional del Libro y la Biblioteca Men\u00e9ndez lo festeja con una gran \u201cFiesta de los Lectores\u201d al aire libre que comenzar\u00e1 desde las 14 horas con diversos talleres.Las propuestas incluyen taller de Juguetes (a cargo de Hern\u00e1n Lira); Reciclado de papel (por Andrea Alonso ); Encuadernaci\u00f3n (dictado por las personas que [&hellip;]<\/p>\n","protected":false},"author":2,"featured_media":2017,"comment_status":"open","ping_status":"open","sticky":false,"template":"","format":"standard","meta":{"_monsterinsights_skip_tracking":false,"_monsterinsights_sitenote_active":false,"_monsterinsights_sitenote_note":"","_monsterinsights_sitenote_category":0,"footnotes":""},"categories":[155,1],"tags":[159],"class_list":["post-2016","post","type-post","status-publish","format-standard","has-post-thumbnail","hentry","category-cultura","category-sin-categoria","tag-159"],"_links":{"self":[{"href":"https:\/\/news.digitaltv.com.ar\/index.php?rest_route=\/wp\/v2\/posts\/2016","targetHints":{"allow":["GET"]}}],"collection":[{"href":"https:\/\/news.digitaltv.com.ar\/index.php?rest_route=\/wp\/v2\/posts"}],"about":[{"href":"https:\/\/news.digitaltv.com.ar\/index.php?rest_route=\/wp\/v2\/types\/post"}],"author":[{"embeddable":true,"href":"https:\/\/news.digitaltv.com.ar\/index.php?rest_route=\/wp\/v2\/users\/2"}],"replies":[{"embeddable":true,"href":"https:\/\/news.digitaltv.com.ar\/index.php?rest_route=%2Fwp%2Fv2%2Fcomments&post=2016"}],"version-history":[{"count":1,"href":"https:\/\/news.digitaltv.com.ar\/index.php?rest_route=\/wp\/v2\/posts\/2016\/revisions"}],"predecessor-version":[{"id":2018,"href":"https:\/\/news.digitaltv.com.ar\/index.php?rest_route=\/wp\/v2\/posts\/2016\/revisions\/2018"}],"wp:featuredmedia":[{"embeddable":true,"href":"https:\/\/news.digitaltv.com.ar\/index.php?rest_route=\/wp\/v2\/media\/2017"}],"wp:attachment":[{"href":"https:\/\/news.digitaltv.com.ar\/index.php?rest_route=%2Fwp%2Fv2%2Fmedia&parent=2016"}],"wp:term":[{"taxonomy":"category","embeddable":true,"href":"https:\/\/news.digitaltv.com.ar\/index.php?rest_route=%2Fwp%2Fv2%2Fcategories&post=2016"},{"taxonomy":"post_tag","embeddable":true,"href":"https:\/\/news.digitaltv.com.ar\/index.php?rest_route=%2Fwp%2Fv2%2Ftags&post=2016"}],"curies":[{"name":"wp","href":"https:\/\/api.w.org\/{rel}","templated":true}]}}