{"id":2044,"date":"2022-04-23T11:34:13","date_gmt":"2022-04-23T14:34:13","guid":{"rendered":"https:\/\/wp.digitaltv.com.ar\/?p=2044"},"modified":"2022-04-23T11:34:47","modified_gmt":"2022-04-23T14:34:47","slug":"el-presidente-recordo-a-meoni-a-un-ano-de-su-fallecimiento-lo-recuerdo-por-su-trabajo-incansable","status":"publish","type":"post","link":"https:\/\/news.digitaltv.com.ar\/?p=2044","title":{"rendered":"El Presidente record\u00f3 a Meoni, a un a\u00f1o de su fallecimiento: &#8220;Lo recuerdo por su trabajo incansable&#8221;"},"content":{"rendered":"\n<p>El presidente Alberto Fern\u00e1ndez record\u00f3 hoy la figura de Mario Meoni, a un a\u00f1o de su fallecimiento en un accidente vial, cuando se desempe\u00f1aba como ministro de Transporte de la Naci\u00f3n.<\/p>\n\n\n\n<p>&#8220;Hace un a\u00f1o nos dej\u00f3 nuestro querido Mario Meoni, quien fuera Ministro de Transporte. Lo recuerdo por su calidez, su honestidad, su trabajo incansable. Recuerdo tambi\u00e9n a todo el pueblo de Jun\u00edn movilizado por su partida y agradecido de haberlo conocido&#8221;, public\u00f3 el Presidente esta ma\u00f1ana en su cuenta de Twitter, junto a un foto de ambos sonrientes y abrazados en un acto pol\u00edtico.<\/p>\n\n\n\n<p>Con 56 a\u00f1os, Meoni falleci\u00f3 en la noche del 23 de abril del a\u00f1o pasado en un accidente vial sobre la ruta 7, en inmediaciones de San Andr\u00e9s de Giles, cuando se trasladaba desde la ciudad Aut\u00f3noma de Buenos Aires hacia Jun\u00edn.<\/p>\n\n\n\n<p>Esa noche, el auto oficial en el que se trasladaba perdi\u00f3 el control y volc\u00f3 a la altura del kil\u00f3metro 112 de la ruta 7.<\/p>\n\n\n\n<p>Al d\u00eda siguiente se realiz\u00f3 una multitudinaria despedida en la ciudad de Jun\u00edn, a la que asistieron el presidente Fern\u00e1ndez; el titular de la C\u00e1mara de Diputados, Sergio Massa y otros funcionarios nacionales y provinciales.<\/p>\n","protected":false},"excerpt":{"rendered":"<p>El presidente Alberto Fern\u00e1ndez record\u00f3 hoy la figura de Mario Meoni, a un a\u00f1o de su fallecimiento en un accidente vial, cuando se desempe\u00f1aba como ministro de Transporte de la Naci\u00f3n. &#8220;Hace un a\u00f1o nos dej\u00f3 nuestro querido Mario Meoni, quien fuera Ministro de Transporte. Lo recuerdo por su calidez, su honestidad, su trabajo incansable. [&hellip;]<\/p>\n","protected":false},"author":2,"featured_media":2045,"comment_status":"open","ping_status":"open","sticky":false,"template":"","format":"standard","meta":{"_monsterinsights_skip_tracking":false,"_monsterinsights_sitenote_active":false,"_monsterinsights_sitenote_note":"","_monsterinsights_sitenote_category":0,"footnotes":""},"categories":[150,1],"tags":[160],"class_list":["post-2044","post","type-post","status-publish","format-standard","has-post-thumbnail","hentry","category-actualidad","category-sin-categoria","tag-160"],"_links":{"self":[{"href":"https:\/\/news.digitaltv.com.ar\/index.php?rest_route=\/wp\/v2\/posts\/2044","targetHints":{"allow":["GET"]}}],"collection":[{"href":"https:\/\/news.digitaltv.com.ar\/index.php?rest_route=\/wp\/v2\/posts"}],"about":[{"href":"https:\/\/news.digitaltv.com.ar\/index.php?rest_route=\/wp\/v2\/types\/post"}],"author":[{"embeddable":true,"href":"https:\/\/news.digitaltv.com.ar\/index.php?rest_route=\/wp\/v2\/users\/2"}],"replies":[{"embeddable":true,"href":"https:\/\/news.digitaltv.com.ar\/index.php?rest_route=%2Fwp%2Fv2%2Fcomments&post=2044"}],"version-history":[{"count":1,"href":"https:\/\/news.digitaltv.com.ar\/index.php?rest_route=\/wp\/v2\/posts\/2044\/revisions"}],"predecessor-version":[{"id":2046,"href":"https:\/\/news.digitaltv.com.ar\/index.php?rest_route=\/wp\/v2\/posts\/2044\/revisions\/2046"}],"wp:featuredmedia":[{"embeddable":true,"href":"https:\/\/news.digitaltv.com.ar\/index.php?rest_route=\/wp\/v2\/media\/2045"}],"wp:attachment":[{"href":"https:\/\/news.digitaltv.com.ar\/index.php?rest_route=%2Fwp%2Fv2%2Fmedia&parent=2044"}],"wp:term":[{"taxonomy":"category","embeddable":true,"href":"https:\/\/news.digitaltv.com.ar\/index.php?rest_route=%2Fwp%2Fv2%2Fcategories&post=2044"},{"taxonomy":"post_tag","embeddable":true,"href":"https:\/\/news.digitaltv.com.ar\/index.php?rest_route=%2Fwp%2Fv2%2Ftags&post=2044"}],"curies":[{"name":"wp","href":"https:\/\/api.w.org\/{rel}","templated":true}]}}