{"id":2047,"date":"2022-04-23T21:16:32","date_gmt":"2022-04-24T00:16:32","guid":{"rendered":"https:\/\/wp.digitaltv.com.ar\/?p=2047"},"modified":"2022-04-24T10:31:23","modified_gmt":"2022-04-24T13:31:23","slug":"lamesa-el-unico-beneficiado-con-el-conflicto-belico-es-estados-unidos","status":"publish","type":"post","link":"https:\/\/news.digitaltv.com.ar\/?p=2047","title":{"rendered":"Lamesa: &#8220;El \u00fanico beneficiado con el conflicto b\u00e9lico es Estados Unidos&#8221;"},"content":{"rendered":"\n<p>A mediados de febrero, el presidente de Rusia, Vladimir Putin, dio inicio a las operaciones militares de ese pa\u00eds sobre Ucrania. El conflicto, que parec\u00eda de pronta resoluci\u00f3n, se extendi\u00f3 en el tiempo, con p\u00e9rdidas de vidas, da\u00f1os estructurales en ambas naciones, crisis econ\u00f3mica, y gran incertidumbre sobre la configuraci\u00f3n del escenario mundial.&nbsp;&nbsp;&nbsp;<\/p>\n\n\n\n<p>\u201cYo consideraba que ser\u00eda una operaci\u00f3n m\u00e1s corta. Varios analistas est\u00e1n llegando a la conclusi\u00f3n que hubo una falla en cierta apreciaci\u00f3n de la inteligencia rusa. Cabe recordar que en los primeros d\u00edas hubo una especie de llamamiento, de Rusia, para que las fuerzas militares de Ucrania tomaran el control de su pa\u00eds, que derrotaran a estos grupos violentos, radicalizados, neonazis, y as\u00ed poder llegar a una resoluci\u00f3n del conflicto r\u00e1pidamente, pero esto, finalmente, no sucedi\u00f3\u201d, expres\u00f3 el analista en geopol\u00edtica y especialista en temas de Rusia, Christian Lamesa. \u201cEl otro factor de la extensi\u00f3n del conflicto, a diferencia de lo que&nbsp;llega a Occidente tergiversado, es que las fuerzas rusas han intentado minimizar, a la m\u00ednima expresi\u00f3n, valga la redundancia, el ataque, o poner en riesgo a la poblaci\u00f3n civil. Tal es as\u00ed que Kiev no fue bombardeada, sino que hubo enfrentamientos en las afueras de la ciudad. Si se hubiese actuado de una forma totalmente agresiva, este conflicto hubiera sido mucho m\u00e1s corto\u201d.&nbsp;<\/p>\n\n\n\n<p>Respecto a si estamos en la puerta de una \u201cTercera Guerra Mundial\u201d, Lamesa manifest\u00f3:\u00a0\u201cDesgraciadamente yo creo que s\u00ed. Estados Unidos est\u00e1 empe\u00f1ado en la prolongaci\u00f3n del conflicto. El alto representante para la Diplomacia de la Uni\u00f3n Europea ya dijo, en unas declaraciones que me parecieron muy desafortunada, por tratarse de un diplom\u00e1tico, que la \u00fanica salida era la derrota militar de Rusia. <br>Un analista espa\u00f1ol, al cual respeto mucho, dec\u00eda que se prev\u00e9 la utilizaci\u00f3n de armamento nuclear t\u00e1ctico a peque\u00f1a escala, en este mismo a\u00f1o si la situaci\u00f3n sigue increment\u00e1ndose. Si esto se lleva a la pr\u00e1ctica va a desatar un caos infernal, porque no habr\u00eda limitaci\u00f3n, se perder\u00eda el miedo a las armas nucleares\u201d.\u00a0<\/p>\n\n\n\n<p>Por \u00faltimo, el analista internacional dio su visi\u00f3n acerca de si hay vencedores y vencidos, y qui\u00e9nes son los mayores beneficiados en esta escalada b\u00e9lica: \u201cSi hay \u00b4buenos y malos\u00b4; creo que es mejor y m\u00e1s gr\u00e1fico ponerlo como buenas y malas intenciones. El mundo despu\u00e9s de este conflicto no va a ser el mismo, claro est\u00e1. De qu\u00e9 forma, a\u00fan est\u00e1 por resolverse.\u00a0<br>El \u00fanico beneficiado, hasta este momento, es Estados Unidos, aunque creo que va a ser un beneficio a corto plazo. Las acciones de las empresas del complejo militar industrial norteamericano en la Bolsa de Nueva York han subido de una forma vertiginosa. Tambi\u00e9n el sector energ\u00e9tico estadounidense est\u00e1 siendo muy beneficiado, como suele ocurrir a costa de la sangre de inocentes\u201d.<\/p>\n","protected":false},"excerpt":{"rendered":"<p>A mediados de febrero, el presidente de Rusia, Vladimir Putin, dio inicio a las operaciones militares de ese pa\u00eds sobre Ucrania. El conflicto, que parec\u00eda de pronta resoluci\u00f3n, se extendi\u00f3 en el tiempo, con p\u00e9rdidas de vidas, da\u00f1os estructurales en ambas naciones, crisis econ\u00f3mica, y gran incertidumbre sobre la configuraci\u00f3n del escenario mundial.&nbsp;&nbsp;&nbsp; \u201cYo consideraba [&hellip;]<\/p>\n","protected":false},"author":3,"featured_media":2048,"comment_status":"open","ping_status":"open","sticky":false,"template":"","format":"standard","meta":{"_monsterinsights_skip_tracking":false,"_monsterinsights_sitenote_active":false,"_monsterinsights_sitenote_note":"","_monsterinsights_sitenote_category":0,"footnotes":""},"categories":[150],"tags":[158],"class_list":["post-2047","post","type-post","status-publish","format-standard","has-post-thumbnail","hentry","category-actualidad","tag-158"],"_links":{"self":[{"href":"https:\/\/news.digitaltv.com.ar\/index.php?rest_route=\/wp\/v2\/posts\/2047","targetHints":{"allow":["GET"]}}],"collection":[{"href":"https:\/\/news.digitaltv.com.ar\/index.php?rest_route=\/wp\/v2\/posts"}],"about":[{"href":"https:\/\/news.digitaltv.com.ar\/index.php?rest_route=\/wp\/v2\/types\/post"}],"author":[{"embeddable":true,"href":"https:\/\/news.digitaltv.com.ar\/index.php?rest_route=\/wp\/v2\/users\/3"}],"replies":[{"embeddable":true,"href":"https:\/\/news.digitaltv.com.ar\/index.php?rest_route=%2Fwp%2Fv2%2Fcomments&post=2047"}],"version-history":[{"count":1,"href":"https:\/\/news.digitaltv.com.ar\/index.php?rest_route=\/wp\/v2\/posts\/2047\/revisions"}],"predecessor-version":[{"id":2049,"href":"https:\/\/news.digitaltv.com.ar\/index.php?rest_route=\/wp\/v2\/posts\/2047\/revisions\/2049"}],"wp:featuredmedia":[{"embeddable":true,"href":"https:\/\/news.digitaltv.com.ar\/index.php?rest_route=\/wp\/v2\/media\/2048"}],"wp:attachment":[{"href":"https:\/\/news.digitaltv.com.ar\/index.php?rest_route=%2Fwp%2Fv2%2Fmedia&parent=2047"}],"wp:term":[{"taxonomy":"category","embeddable":true,"href":"https:\/\/news.digitaltv.com.ar\/index.php?rest_route=%2Fwp%2Fv2%2Fcategories&post=2047"},{"taxonomy":"post_tag","embeddable":true,"href":"https:\/\/news.digitaltv.com.ar\/index.php?rest_route=%2Fwp%2Fv2%2Ftags&post=2047"}],"curies":[{"name":"wp","href":"https:\/\/api.w.org\/{rel}","templated":true}]}}