{"id":2072,"date":"2022-04-25T10:14:17","date_gmt":"2022-04-25T13:14:17","guid":{"rendered":"https:\/\/wp.digitaltv.com.ar\/?p=2072"},"modified":"2022-04-25T13:44:41","modified_gmt":"2022-04-25T16:44:41","slug":"el-gremio-cicop-pide-al-gobierno-bonaerense-reabrir-las-paritarias-de-los-profesionales-de-la-salud","status":"publish","type":"post","link":"https:\/\/news.digitaltv.com.ar\/?p=2072","title":{"rendered":"EL GREMIO CICOP PIDE AL GOBIERNO BONAERENSE REABRIR LAS PARITARIAS DE LOS PROFESIONALES DE LA SALUD"},"content":{"rendered":"\n<p>La Asociaci\u00f3n Sindical de Profesionales de la Salud de la Provincia de Buenos Aires (Cicop) reclam\u00f3 hoy al gobierno de Axel Kicillof la &#8220;reapertura de paritarias para recomponer salarios ante el avance de la inflaci\u00f3n&#8221;, informaron fuentes sindicales.<\/p>\n\n\n\n<p>&#8220;El aumento del ritmo inflacionario amenaza el poder adquisitivo de trabajadores, con una inflaci\u00f3n del primer trimestre en 16,1 por ciento y una canasta b\u00e1sica de 89.690 pesos&#8221;, por lo cual &#8220;los acuerdos alcanzados en las \u00faltimas paritarias van a ser superados si no se utilizan las cl\u00e1usulas de revisi\u00f3n y reapertura firmadas entre el Estado provincial y las organizaciones gremiales&#8221;, expuso la organizaci\u00f3n en un comunicado.<\/p>\n\n\n\n<p>&#8220;Desde CICOP reafirmamos nuestro objetivo de recomponer los salarios de los profesionales de la salud, que a pesar de haber conseguido leves mejor\u00edas respecto a la inflaci\u00f3n durante los \u00faltimos dos a\u00f1os contin\u00faan siendo muy bajos&#8221;, indicaron y plantearon que se busca &#8220;proteger los salarios de la inflaci\u00f3n y recomponer progresivamente nuestro poder adquisitivo&#8221;.<\/p>\n\n\n\n<p>Por otro lado, mediante el mismo comunicado, desde el gremio adelantaron que &#8220;es urgente la necesidad de que el Gobierno provincial cumpla con su palabra y resuelva la grave situaci\u00f3n previsional de nuestro sector. Una problem\u00e1tica que afecta a todo el equipo de salud y constituye una deuda del Estado con los trabajadores de la salud que dejaron todo durante la pandemia&#8221;.<\/p>\n","protected":false},"excerpt":{"rendered":"<p>La Asociaci\u00f3n Sindical de Profesionales de la Salud de la Provincia de Buenos Aires (Cicop) reclam\u00f3 hoy al gobierno de Axel Kicillof la &#8220;reapertura de paritarias para recomponer salarios ante el avance de la inflaci\u00f3n&#8221;, informaron fuentes sindicales. &#8220;El aumento del ritmo inflacionario amenaza el poder adquisitivo de trabajadores, con una inflaci\u00f3n del primer trimestre [&hellip;]<\/p>\n","protected":false},"author":2,"featured_media":2073,"comment_status":"open","ping_status":"open","sticky":false,"template":"","format":"standard","meta":{"_monsterinsights_skip_tracking":false,"_monsterinsights_sitenote_active":false,"_monsterinsights_sitenote_note":"","_monsterinsights_sitenote_category":0,"footnotes":""},"categories":[150],"tags":[160],"class_list":["post-2072","post","type-post","status-publish","format-standard","has-post-thumbnail","hentry","category-actualidad","tag-160"],"_links":{"self":[{"href":"https:\/\/news.digitaltv.com.ar\/index.php?rest_route=\/wp\/v2\/posts\/2072","targetHints":{"allow":["GET"]}}],"collection":[{"href":"https:\/\/news.digitaltv.com.ar\/index.php?rest_route=\/wp\/v2\/posts"}],"about":[{"href":"https:\/\/news.digitaltv.com.ar\/index.php?rest_route=\/wp\/v2\/types\/post"}],"author":[{"embeddable":true,"href":"https:\/\/news.digitaltv.com.ar\/index.php?rest_route=\/wp\/v2\/users\/2"}],"replies":[{"embeddable":true,"href":"https:\/\/news.digitaltv.com.ar\/index.php?rest_route=%2Fwp%2Fv2%2Fcomments&post=2072"}],"version-history":[{"count":1,"href":"https:\/\/news.digitaltv.com.ar\/index.php?rest_route=\/wp\/v2\/posts\/2072\/revisions"}],"predecessor-version":[{"id":2074,"href":"https:\/\/news.digitaltv.com.ar\/index.php?rest_route=\/wp\/v2\/posts\/2072\/revisions\/2074"}],"wp:featuredmedia":[{"embeddable":true,"href":"https:\/\/news.digitaltv.com.ar\/index.php?rest_route=\/wp\/v2\/media\/2073"}],"wp:attachment":[{"href":"https:\/\/news.digitaltv.com.ar\/index.php?rest_route=%2Fwp%2Fv2%2Fmedia&parent=2072"}],"wp:term":[{"taxonomy":"category","embeddable":true,"href":"https:\/\/news.digitaltv.com.ar\/index.php?rest_route=%2Fwp%2Fv2%2Fcategories&post=2072"},{"taxonomy":"post_tag","embeddable":true,"href":"https:\/\/news.digitaltv.com.ar\/index.php?rest_route=%2Fwp%2Fv2%2Ftags&post=2072"}],"curies":[{"name":"wp","href":"https:\/\/api.w.org\/{rel}","templated":true}]}}