{"id":2134,"date":"2022-04-27T14:22:59","date_gmt":"2022-04-27T17:22:59","guid":{"rendered":"https:\/\/wp.digitaltv.com.ar\/?p=2134"},"modified":"2022-04-27T14:23:24","modified_gmt":"2022-04-27T17:23:24","slug":"impulsan-un-proyecto-para-regular-la-actividad-de-los-food-trucks-en-la-provincia-de-buenos-aires","status":"publish","type":"post","link":"https:\/\/news.digitaltv.com.ar\/?p=2134","title":{"rendered":"Impulsan un proyecto para regular la actividad de los food trucks en la provincia de Buenos Aires"},"content":{"rendered":"\n<p>Un proyecto de ley que crea un marco regulatorio para los negocios m\u00f3viles, conocidos popularmente como \u201cfood trucks\u201d fue presentado hoy en la Legislatura bonaerense a trav\u00e9s de una iniciativa de la diputada de Juntos Vanesa Zuccari, que establece un marco legal para su habilitaci\u00f3n y crea \u00e1reas de trabajo para la elaboraci\u00f3n y comercializaci\u00f3n de bienes y servicios mediante la unificaci\u00f3n de criterios de regulaci\u00f3n en los municipios de la Provincia.<\/p>\n\n\n\n<p>El proyecto fue presentado este mi\u00e9rcoles junto al jefe de la bancada de diputados de Juntos, Maximiliano Abad; el vicepresidente de la C\u00e1mara de Diputados, Adri\u00e1n Urreli, la diputada Melisa Greco y representantes de la C\u00e1mara Argentina de Negocios M\u00f3viles.<\/p>\n\n\n\n<p>\u201cEste sector presenta un gran potencial para impulsar a las pymes bonaerenses. Este tipo de negocio es perfecto para los emprendedores a cualquier escala, en virtud de que no s\u00f3lo es aplicable para nuevas empresas, sino que tambi\u00e9n puede ser una rama a\u00f1adida a alg\u00fan negocio establecido, brindando una ventaja competitiva al consolidar clientela y ofrecer nuevos puntos de venta que le permiten ampliar sus mercados\u201d, dijo Zuccari.<\/p>\n\n\n\n<p>La legisladora manifest\u00f3 que \u201cla evoluci\u00f3n de la actividad en todo el pa\u00eds y en nuestro territorio, debido a que es com\u00fan encontrarlos en ferias gastron\u00f3micas y de servicios, eventos tur\u00edsticos, art\u00edsticos, exposiciones feriales, fiestas locales, entre otros, hace evidente la necesidad de generar un marco legal que apoye y promueva la habilitaci\u00f3n y explotaci\u00f3n de este modelo econ\u00f3mico\u201d.<\/p>\n\n\n\n<p>En la provincia de Buenos Aires, actualmente se encuentran numerosas c\u00e1maras y federaciones, entre las que se destaca la C\u00e1mara Argentina de Negocios M\u00f3viles, que nuclea a cientos de pymes y permite lograr un desarrollo colectivo para el rubro. La mayor\u00eda de los negocios m\u00f3viles son mipymes familiares que han decidido profesionalizar e innovar la prestaci\u00f3n de sus servicios.<\/p>\n\n\n\n<p>En este marco, la normativa propone estandarizar los requisitos de habilitaci\u00f3n de los negocios m\u00f3viles y los permisos de instalaci\u00f3n en las \u00e1reas de trabajo, procurando promover un impacto positivo a nivel econ\u00f3mico, social y ambiental, adem\u00e1s de establecer normas de sanidad, seguridad e higiene y de calidad ambiental que generen confianza en los consumidores.<\/p>\n\n\n\n<p>\u201cEn muchas ciudades de la provincia comienzan a tener una regulaci\u00f3n aut\u00f3noma para la actividad, que sienta criterios dispares y desarreglos que pueden ser perjudiciales para la misma, es oportuno efectuar una nueva norma que, al establecer el marco jur\u00eddico sobre los negocios m\u00f3viles gastron\u00f3micos sobre ruedas y los negocios m\u00f3viles de productos y servicios sobre ruedas, contenga pautas claras y uniformes para todo el territorio y tenga un impacto positivo en su desarrollo\u201d, se\u00f1al\u00f3 Zuccari.<\/p>\n\n\n\n<p>\u201cComo legisladores debemos generar marcos espec\u00edficos de regulaci\u00f3n para aquellas actividades que permitan la creaci\u00f3n e impulso de pymes, la generaci\u00f3n de trabajo y el desarrollo econ\u00f3mico en nuestra provincia\u201d, cerr\u00f3.<\/p>\n","protected":false},"excerpt":{"rendered":"<p>Un proyecto de ley que crea un marco regulatorio para los negocios m\u00f3viles, conocidos popularmente como \u201cfood trucks\u201d fue presentado hoy en la Legislatura bonaerense a trav\u00e9s de una iniciativa de la diputada de Juntos Vanesa Zuccari, que establece un marco legal para su habilitaci\u00f3n y crea \u00e1reas de trabajo para la elaboraci\u00f3n y comercializaci\u00f3n [&hellip;]<\/p>\n","protected":false},"author":1,"featured_media":2135,"comment_status":"open","ping_status":"open","sticky":false,"template":"","format":"standard","meta":{"_monsterinsights_skip_tracking":false,"_monsterinsights_sitenote_active":false,"_monsterinsights_sitenote_note":"","_monsterinsights_sitenote_category":0,"footnotes":""},"categories":[3],"tags":[160],"class_list":["post-2134","post","type-post","status-publish","format-standard","has-post-thumbnail","hentry","category-comida","tag-160"],"_links":{"self":[{"href":"https:\/\/news.digitaltv.com.ar\/index.php?rest_route=\/wp\/v2\/posts\/2134","targetHints":{"allow":["GET"]}}],"collection":[{"href":"https:\/\/news.digitaltv.com.ar\/index.php?rest_route=\/wp\/v2\/posts"}],"about":[{"href":"https:\/\/news.digitaltv.com.ar\/index.php?rest_route=\/wp\/v2\/types\/post"}],"author":[{"embeddable":true,"href":"https:\/\/news.digitaltv.com.ar\/index.php?rest_route=\/wp\/v2\/users\/1"}],"replies":[{"embeddable":true,"href":"https:\/\/news.digitaltv.com.ar\/index.php?rest_route=%2Fwp%2Fv2%2Fcomments&post=2134"}],"version-history":[{"count":1,"href":"https:\/\/news.digitaltv.com.ar\/index.php?rest_route=\/wp\/v2\/posts\/2134\/revisions"}],"predecessor-version":[{"id":2136,"href":"https:\/\/news.digitaltv.com.ar\/index.php?rest_route=\/wp\/v2\/posts\/2134\/revisions\/2136"}],"wp:featuredmedia":[{"embeddable":true,"href":"https:\/\/news.digitaltv.com.ar\/index.php?rest_route=\/wp\/v2\/media\/2135"}],"wp:attachment":[{"href":"https:\/\/news.digitaltv.com.ar\/index.php?rest_route=%2Fwp%2Fv2%2Fmedia&parent=2134"}],"wp:term":[{"taxonomy":"category","embeddable":true,"href":"https:\/\/news.digitaltv.com.ar\/index.php?rest_route=%2Fwp%2Fv2%2Fcategories&post=2134"},{"taxonomy":"post_tag","embeddable":true,"href":"https:\/\/news.digitaltv.com.ar\/index.php?rest_route=%2Fwp%2Fv2%2Ftags&post=2134"}],"curies":[{"name":"wp","href":"https:\/\/api.w.org\/{rel}","templated":true}]}}