{"id":2206,"date":"2022-05-01T10:00:52","date_gmt":"2022-05-01T13:00:52","guid":{"rendered":"https:\/\/wp.digitaltv.com.ar\/?p=2206"},"modified":"2022-05-01T12:43:23","modified_gmt":"2022-05-01T15:43:23","slug":"2206","status":"publish","type":"post","link":"https:\/\/news.digitaltv.com.ar\/?p=2206","title":{"rendered":"Tinelli renunci\u00f3 a la presidencia de San Lorenzo"},"content":{"rendered":"\n<p>Marcelo Tinelli renunci\u00f3 a la presidencia del Club de San Lorenzo de Almagro, cargo en el que se encontraba de licencia. El conductor y empresario comunic\u00f3 su decisi\u00f3n por medio de la red social Instagram, a trav\u00e9s de una carta extensa.<\/p>\n\n\n\n<p>Tinelli culminaba la licencia en el d\u00eda de ayer s\u00e1bado. Cabe recordar que el conjunto de Boedo atraviesa una crisis futbol\u00edstica e institucional.<\/p>\n\n\n\n<p>El Comunicado<\/p>\n\n\n\n<p>Hola a todos. Quiero comunicarme con ustedes por este medio, porque siento que es la mejor forma de poder expresarles en forma genuina lo que siento. Siempre que se toman decisiones es imposible complacer a todos. He decidido dejar mi cargo como Presidente de San Lorenzo de Almagro.<\/p>\n\n\n\n<p>C\u00f3mo lo he expresado en muchas ocasiones, el f\u00fatbol es mi pasi\u00f3n. Todos los que me conocen bien lo saben. Incluso he llegado a pensar y so\u00f1ar que tiene mucho que ver con mi misi\u00f3n en la vida.<\/p>\n\n\n\n<p>Los deseos de uno y la realidad que se expresa en cada momento, muchas veces no van de la mano. O, mejor dicho, lo que uno siente cuando cree que est\u00e1 dando lo mejor, en ciertos momentos no se plasma en una realidad concreta o no alcanza.<\/p>\n\n\n\n<p>He transitado muchas dificultades en mi vida, me he nutrido de ellas, pero he entendido muchas veces los datos de la realidad, y, ah\u00ed, en este tiempo de distancia, puedo ver que m\u00e1s all\u00e1 de todo lo que di y tengo para dar, quiz\u00e1s no sea el momento, aunque me duela.<\/p>\n\n\n\n<p>Gracias a todos los hinchas y socios de San Lorenzo por el amor por el cari\u00f1o y el apoyo en las \u00faltimas &#8220;elecciones . Mis disculpas por no haber podido estar m\u00e1s tiempo. Mis otras actividades que son muy p\u00fablicas no me permiten estar al 100 por ciento, en un lugar que requiere un trabajo full time. He dejado el alma y muchas cosas m\u00e1s en estos casi 10 a\u00f1os, y tambi\u00e9n junto a un equipo maravilloso, hemos dejado algunos logros imborrables para la historia del club, como la Copa Libertadores, jugar la final intercontinental con el Real Madrid, infinidad de obras donadas para la instituci\u00f3n, la vuelta a la Liga Nacional de B\u00e1squet, 5 t\u00edtulos Nacionales, 2 Campeonatos de Am\u00e9rica, 2 juegos contra equipos de la NBA (hecho in\u00e9dito en el b\u00e1squet argentino), la Ley de Restituci\u00f3n h Rezonificaci\u00f3n y la compra de los La Plata.<\/p>\n\n\n\n<p>Jam\u00e1s permitir\u00eda que una presencia m\u00eda genere divisiones y violencia entre los sanlorencistas que amamos al club o que San Lorenzo sea perjudicado en cualquier \u00e1mbito. Mi familia y mi trabajo profesional, hoy tambi\u00e9n me ponen un freno en este proyecto.<\/p>\n\n\n\n<p>Gracias a todos los que me acompa\u00f1aron y fueron leales en todo momento. Siempre estar\u00e9 para ayudar a San Lorenzo desde donde se me necesite, como lo hice en este per\u00edodo y a lo largo de m\u00e1s de 30 a\u00f1os. No es un adi\u00f3s volveremos a ver pronto en esta pasi\u00f3n maravillosa que es el f\u00fatbol y en este amor \u00fanico e indisoluble que es San Lorenzo. Los quiero mucho.<\/p>\n\n\n\n<p>Ahora la dirigencia actual deber\u00e1 resolver si llama a elecciones anticipadas, tal es el pedido de las agrupaciones opositoras.<\/p>\n\n\n\n<p>La renuncia de Tinelli servir\u00e1 para descomprimir la tensa situaci\u00f3n? Ser\u00e1 cuesti\u00f3n de esperar y ver c\u00f3mo se desarrollan los sucesos en estos d\u00edas para la Instituci\u00f3n.<\/p>\n","protected":false},"excerpt":{"rendered":"<p>Marcelo Tinelli renunci\u00f3 a la presidencia del Club de San Lorenzo de Almagro, cargo en el que se encontraba de licencia. El conductor y empresario comunic\u00f3 su decisi\u00f3n por medio de la red social Instagram, a trav\u00e9s de una carta extensa.<\/p>\n","protected":false},"author":3,"featured_media":2207,"comment_status":"open","ping_status":"open","sticky":false,"template":"","format":"standard","meta":{"_monsterinsights_skip_tracking":false,"_monsterinsights_sitenote_active":false,"_monsterinsights_sitenote_note":"","_monsterinsights_sitenote_category":0,"footnotes":""},"categories":[7],"tags":[170],"class_list":["post-2206","post","type-post","status-publish","format-standard","has-post-thumbnail","hentry","category-deportes","tag-170"],"_links":{"self":[{"href":"https:\/\/news.digitaltv.com.ar\/index.php?rest_route=\/wp\/v2\/posts\/2206","targetHints":{"allow":["GET"]}}],"collection":[{"href":"https:\/\/news.digitaltv.com.ar\/index.php?rest_route=\/wp\/v2\/posts"}],"about":[{"href":"https:\/\/news.digitaltv.com.ar\/index.php?rest_route=\/wp\/v2\/types\/post"}],"author":[{"embeddable":true,"href":"https:\/\/news.digitaltv.com.ar\/index.php?rest_route=\/wp\/v2\/users\/3"}],"replies":[{"embeddable":true,"href":"https:\/\/news.digitaltv.com.ar\/index.php?rest_route=%2Fwp%2Fv2%2Fcomments&post=2206"}],"version-history":[{"count":2,"href":"https:\/\/news.digitaltv.com.ar\/index.php?rest_route=\/wp\/v2\/posts\/2206\/revisions"}],"predecessor-version":[{"id":2212,"href":"https:\/\/news.digitaltv.com.ar\/index.php?rest_route=\/wp\/v2\/posts\/2206\/revisions\/2212"}],"wp:featuredmedia":[{"embeddable":true,"href":"https:\/\/news.digitaltv.com.ar\/index.php?rest_route=\/wp\/v2\/media\/2207"}],"wp:attachment":[{"href":"https:\/\/news.digitaltv.com.ar\/index.php?rest_route=%2Fwp%2Fv2%2Fmedia&parent=2206"}],"wp:term":[{"taxonomy":"category","embeddable":true,"href":"https:\/\/news.digitaltv.com.ar\/index.php?rest_route=%2Fwp%2Fv2%2Fcategories&post=2206"},{"taxonomy":"post_tag","embeddable":true,"href":"https:\/\/news.digitaltv.com.ar\/index.php?rest_route=%2Fwp%2Fv2%2Ftags&post=2206"}],"curies":[{"name":"wp","href":"https:\/\/api.w.org\/{rel}","templated":true}]}}