{"id":2219,"date":"2022-05-02T21:42:19","date_gmt":"2022-05-03T00:42:19","guid":{"rendered":"https:\/\/wp.digitaltv.com.ar\/?p=2219"},"modified":"2022-05-03T16:05:14","modified_gmt":"2022-05-03T19:05:14","slug":"inflacion-nueva-reunion-entre-estatales-bonaerenses-docentes-y-el-gobierno-provincial","status":"publish","type":"post","link":"https:\/\/news.digitaltv.com.ar\/?p=2219","title":{"rendered":"INFLACION: NUEVA REUNION ENTRE ESTATALES BONAERENSES, DOCENTES Y EL GOBIERNO PROVINCIAL"},"content":{"rendered":"\n<p>Funcionarios del Gobierno Bonaerense mantendr\u00e1n se reunir\u00e1n, este martes, con gremios docentes y estatales de la administraci\u00f3n p\u00fablica central para evaluar la situaci\u00f3n de los salarios en el marco del proceso inflacionario.<\/p>\n\n\n\n<p>Los encuentros, que ser\u00e1n virtuales, comenzar\u00e1n a las 10 de la ma\u00f1ana, del martes 3 de mayo, en primer lugar con los sindicatos estales, para proseguir con los representantes de los sectores docentes.<\/p>\n\n\n\n<p>El \u00faltimo acuerdo paritario entre Provincia y los docentes se firm\u00f3 el pasado febrero y contempl\u00f3 un incremento cercano al 42% en una escalada en tres tramos: 17% en marzo, 28% en julio y 41,8% en septiembre. Adem\u00e1s, incluy\u00f3 una cl\u00e1usula de reapertura y otra de seguimiento.<\/p>\n\n\n\n<p>Con una inflaci\u00f3n acumulada de 16,1% a marzo, el sector todav\u00eda se encuentra por encima del alza de precios. Sin embargo, el titular de Suteba, Roberto Baradel, ya se\u00f1al\u00f3 que \u201csi los valores se mantienen altos vamos a quedar por abajo, por lo que queremos readecuar el acuerdo salarial\u201d.<\/p>\n","protected":false},"excerpt":{"rendered":"<p>Funcionarios del Gobierno Bonaerense mantendr\u00e1n se reunir\u00e1n, este martes, con gremios docentes y estatales de la administraci\u00f3n p\u00fablica central para evaluar la situaci\u00f3n de los salarios en el marco del proceso inflacionario. Los encuentros, que ser\u00e1n virtuales, comenzar\u00e1n a las 10 de la ma\u00f1ana, del martes 3 de mayo, en primer lugar con los sindicatos [&hellip;]<\/p>\n","protected":false},"author":3,"featured_media":2220,"comment_status":"open","ping_status":"open","sticky":false,"template":"","format":"standard","meta":{"_monsterinsights_skip_tracking":false,"_monsterinsights_sitenote_active":false,"_monsterinsights_sitenote_note":"","_monsterinsights_sitenote_category":0,"footnotes":""},"categories":[150],"tags":[160],"class_list":["post-2219","post","type-post","status-publish","format-standard","has-post-thumbnail","hentry","category-actualidad","tag-160"],"_links":{"self":[{"href":"https:\/\/news.digitaltv.com.ar\/index.php?rest_route=\/wp\/v2\/posts\/2219","targetHints":{"allow":["GET"]}}],"collection":[{"href":"https:\/\/news.digitaltv.com.ar\/index.php?rest_route=\/wp\/v2\/posts"}],"about":[{"href":"https:\/\/news.digitaltv.com.ar\/index.php?rest_route=\/wp\/v2\/types\/post"}],"author":[{"embeddable":true,"href":"https:\/\/news.digitaltv.com.ar\/index.php?rest_route=\/wp\/v2\/users\/3"}],"replies":[{"embeddable":true,"href":"https:\/\/news.digitaltv.com.ar\/index.php?rest_route=%2Fwp%2Fv2%2Fcomments&post=2219"}],"version-history":[{"count":1,"href":"https:\/\/news.digitaltv.com.ar\/index.php?rest_route=\/wp\/v2\/posts\/2219\/revisions"}],"predecessor-version":[{"id":2221,"href":"https:\/\/news.digitaltv.com.ar\/index.php?rest_route=\/wp\/v2\/posts\/2219\/revisions\/2221"}],"wp:featuredmedia":[{"embeddable":true,"href":"https:\/\/news.digitaltv.com.ar\/index.php?rest_route=\/wp\/v2\/media\/2220"}],"wp:attachment":[{"href":"https:\/\/news.digitaltv.com.ar\/index.php?rest_route=%2Fwp%2Fv2%2Fmedia&parent=2219"}],"wp:term":[{"taxonomy":"category","embeddable":true,"href":"https:\/\/news.digitaltv.com.ar\/index.php?rest_route=%2Fwp%2Fv2%2Fcategories&post=2219"},{"taxonomy":"post_tag","embeddable":true,"href":"https:\/\/news.digitaltv.com.ar\/index.php?rest_route=%2Fwp%2Fv2%2Ftags&post=2219"}],"curies":[{"name":"wp","href":"https:\/\/api.w.org\/{rel}","templated":true}]}}