{"id":2225,"date":"2022-05-02T22:27:14","date_gmt":"2022-05-03T01:27:14","guid":{"rendered":"https:\/\/wp.digitaltv.com.ar\/?p=2225"},"modified":"2022-05-09T08:51:44","modified_gmt":"2022-05-09T11:51:44","slug":"no-es-una-locura-pensar-en-javier-martinez-2023","status":"publish","type":"post","link":"https:\/\/news.digitaltv.com.ar\/?p=2225","title":{"rendered":"&#8220;NO ES UNA LOCURA PENSAR EN JAVIER MARTINEZ 2023&#8221;"},"content":{"rendered":"\n<p>Lo reconoci\u00f3 el propio intendente en una nota al programa Deber\u00edas Saber Por Qu\u00e9 (FM Data Digital \u2013 105.1). Aunque el jefe comunal tambi\u00e9n indic\u00f3 que, dependiendo de lo que precise la estructura partidaria, podr\u00eda llegar a desempe\u00f1ar otra funci\u00f3n, sobre todo si el Pro llegara a ser gobierno nacional y provincial.<\/p>\n\n\n\n<p>\u201cEl equipo va a ir resolviendo desde d\u00f3nde podemos aportar mejor a la provincia y al pa\u00eds. Si consideran que es desde Pergamino donde podemos aportar lo mejor, entonces lo haremos. Soy honesto, me siento muy c\u00f3modo como intendente, me gusta el control, la calle, el d\u00eda a d\u00eda. Me gusta lo que hago\u201d, se sincer\u00f3 en la entrevista con el conductor del programa, Carlos Otegui.<\/p>\n\n\n\n<p>En relaci\u00f3n a la inseguridad, que es uno de los principales focos de la atenci\u00f3n ciudadana, el intendente record\u00f3 que el gobierno local compra los m\u00f3viles y los mantiene, m\u00e1s all\u00e1 de que las fuerzas dependen de la Provincia. \u201cLa \u00fanica herramienta que tenemos los intendentes es ayudar. Si no tuvi\u00e9ramos af\u00e1n de colaboraci\u00f3n, los m\u00f3viles no funcionar\u00edan porque la Provincia no aporta siquiera para combustible\u201d, observ\u00f3.<\/p>\n\n\n\n<p>Para Mart\u00ednez el \u201cgarantismo de Zafaroni con el que coincide el gobierno actual, trata de dar oportunidades al delincuente, y no ofrece herramientas jur\u00eddicas a la sociedad para que \u00e9sta se defienda. \u00bfC\u00f3mo se protege una sociedad? Encarcelando al que comete el delito. Y ah\u00ed va un gran problema que afrontamos los bonaerenses y gran parte de los argentinos. Es necesario modificar el sistema carcelatorio para que no sea tan permisivo\u201d.<\/p>\n\n\n\n<p>El jefe comunal asegur\u00f3 que, si la Provincia y la Naci\u00f3n no se hacen cargo de la problem\u00e1tica de la delincuencia, entonces Pergamino debe hacerlo, creando una estructura carcelaria o lugar de rehabilitaci\u00f3n. \u201cSi tenemos 200 o 300 pergaminenses, entonces es necesario que haya un lugar donde contenerlos. Cuando el sistema carcelario funcione como nosotros pretendemos, donde el que comete un delito lo pague, la situaci\u00f3n comenzar\u00e1 a cambiar. Hay que crear un lugar donde queden alojados\u201d, afirm\u00f3.<\/p>\n\n\n\n<p>\u201cSi no quieren llamarlo alcald\u00eda, que se le elija otro nombre. Cuando una persona va a la c\u00e1rcel sale peor. Nosotros conocemos a la familia, de qu\u00e9 barrio provienen. Entonces como pergaminenses estamos en condiciones de alojar a esos chicos, y ver si gran parte de ellos pueden ser resocializados. Mantener las condiciones actuales implica que sigan boyando en la calle cometiendo delitos que van de la mano de las adicciones\u201d, acot\u00f3.<\/p>\n\n\n\n<p>Sobre el ministro Sergio Berni, destac\u00f3 que se trata de \u201cun personaje raro, casi de historieta\u201d. \u201cVio la flota del comando de patrulla y constat\u00f3 que s\u00f3lo hay cuatro unidades utilizables y se comprometi\u00f3 a mandar veh\u00edculos nuevos. Ojal\u00e1 lo hagan porque hasta el momento, para salir del paso, s\u00f3lo enviaron coches usados\u201d, remarc\u00f3.<\/p>\n\n\n\n<p>Finalmente, tambi\u00e9n consider\u00f3 aspectos del sector educativo, donde los problemas de infraestructura tambi\u00e9n est\u00e1n a la orden del d\u00eda. \u201cEs importante formular replanteos, como por ejemplo volver a la centralidad, porque tenemos muchos colegios con matr\u00edcula muy reducida. Teniendo en cuenta que el boleto estudiantil gratuito est\u00e1 al alcance de toda la comunidad, hoy no hace falta dispersar a toda la comunidad educativa. Hoy hay viejos edificios emblem\u00e1ticos como el Nacional\/Comercial que est\u00e1n vac\u00edos y eso nos parece un desprop\u00f3sito\u201d, explic\u00f3.<\/p>\n","protected":false},"excerpt":{"rendered":"<p>Lo reconoci\u00f3 el propio intendente en una nota al programa Deber\u00edas Saber Por Qu\u00e9 (FM Data Digital \u2013 105.1). Aunque el jefe comunal tambi\u00e9n indic\u00f3 que, dependiendo de lo que precise la estructura partidaria, podr\u00eda llegar a desempe\u00f1ar otra funci\u00f3n, sobre todo si el Pro llegara a ser gobierno nacional y provincial. \u201cEl equipo va [&hellip;]<\/p>\n","protected":false},"author":3,"featured_media":2226,"comment_status":"open","ping_status":"open","sticky":false,"template":"","format":"standard","meta":{"_monsterinsights_skip_tracking":false,"_monsterinsights_sitenote_active":false,"_monsterinsights_sitenote_note":"","_monsterinsights_sitenote_category":0,"footnotes":""},"categories":[152],"tags":[169],"class_list":["post-2225","post","type-post","status-publish","format-standard","has-post-thumbnail","hentry","category-pergamino","tag-169"],"_links":{"self":[{"href":"https:\/\/news.digitaltv.com.ar\/index.php?rest_route=\/wp\/v2\/posts\/2225","targetHints":{"allow":["GET"]}}],"collection":[{"href":"https:\/\/news.digitaltv.com.ar\/index.php?rest_route=\/wp\/v2\/posts"}],"about":[{"href":"https:\/\/news.digitaltv.com.ar\/index.php?rest_route=\/wp\/v2\/types\/post"}],"author":[{"embeddable":true,"href":"https:\/\/news.digitaltv.com.ar\/index.php?rest_route=\/wp\/v2\/users\/3"}],"replies":[{"embeddable":true,"href":"https:\/\/news.digitaltv.com.ar\/index.php?rest_route=%2Fwp%2Fv2%2Fcomments&post=2225"}],"version-history":[{"count":1,"href":"https:\/\/news.digitaltv.com.ar\/index.php?rest_route=\/wp\/v2\/posts\/2225\/revisions"}],"predecessor-version":[{"id":2227,"href":"https:\/\/news.digitaltv.com.ar\/index.php?rest_route=\/wp\/v2\/posts\/2225\/revisions\/2227"}],"wp:featuredmedia":[{"embeddable":true,"href":"https:\/\/news.digitaltv.com.ar\/index.php?rest_route=\/wp\/v2\/media\/2226"}],"wp:attachment":[{"href":"https:\/\/news.digitaltv.com.ar\/index.php?rest_route=%2Fwp%2Fv2%2Fmedia&parent=2225"}],"wp:term":[{"taxonomy":"category","embeddable":true,"href":"https:\/\/news.digitaltv.com.ar\/index.php?rest_route=%2Fwp%2Fv2%2Fcategories&post=2225"},{"taxonomy":"post_tag","embeddable":true,"href":"https:\/\/news.digitaltv.com.ar\/index.php?rest_route=%2Fwp%2Fv2%2Ftags&post=2225"}],"curies":[{"name":"wp","href":"https:\/\/api.w.org\/{rel}","templated":true}]}}