{"id":2228,"date":"2022-05-03T21:48:19","date_gmt":"2022-05-04T00:48:19","guid":{"rendered":"https:\/\/wp.digitaltv.com.ar\/?p=2228"},"modified":"2022-05-03T22:48:19","modified_gmt":"2022-05-04T01:48:19","slug":"organizaciones-sociales-relizaran-una-masiva-marcha-contra-el-gobierno-nacional","status":"publish","type":"post","link":"https:\/\/news.digitaltv.com.ar\/?p=2228","title":{"rendered":"ORGANIZACIONES SOCIALES RELIZARAN UNA MASIVA MARCHA CONTRA EL GOBIERNO NACIONAL"},"content":{"rendered":"\n<p>Las organizaciones sociales enfrentadas con el Gobierno nacional, nucleadas en la Unidad Piquetera, llevar\u00e1n a cabo, la semana entrante, una masiva marcha, a Plaza de Mayo.<\/p>\n\n\n\n<p>Los organizadores ya anunciaron que vendr\u00e1n manifestantes de distintos puntos del pa\u00eds, y el encuentro ser\u00e1 en el centro porte\u00f1o el pr\u00f3ximo 10 de mayo. &nbsp;<\/p>\n\n\n\n<p>El lema de la llamada \u201cMarcha Federal Piquetera\u201d es \u201cPor trabajo y por salario; contra el hambre y la pobreza\u201d y planea convocar a 300 mil personas, que llegar\u00e1n en trenes, camiones y autos en distintos tramos. \u201cRealizaremos asambleas y actos con otros sectores del movimiento obrero en cada punto del pa\u00eds\u201d con el fin de \u201clevantar un programa contra la pol\u00edtica de ajuste\u201d, informaron desde la prensa del Partido Obrero.<\/p>\n\n\n\n<p>\u201cTrabajo genuino sin precarizaci\u00f3n laboral, salario equivalente a la canasta familiar; un aumento de emergencia para que ning\u00fan trabajador y jubilado est\u00e9 por debajo de la canasta de pobreza; aumento inmediato en los programas sociales y su apertura para todos los que lo necesitan, y su universalizaci\u00f3n; y la asistencia integral a los comedores populares\u201d, son algunos de los reclamos de las decenas de agrupaciones que se movilizar\u00e1n.<\/p>\n","protected":false},"excerpt":{"rendered":"<p>Las organizaciones sociales enfrentadas con el Gobierno nacional, nucleadas en la Unidad Piquetera, llevar\u00e1n a cabo, la semana entrante, una masiva marcha, a Plaza de Mayo. Los organizadores ya anunciaron que vendr\u00e1n manifestantes de distintos puntos del pa\u00eds, y el encuentro ser\u00e1 en el centro porte\u00f1o el pr\u00f3ximo 10 de mayo. &nbsp; El lema de [&hellip;]<\/p>\n","protected":false},"author":3,"featured_media":2229,"comment_status":"open","ping_status":"open","sticky":false,"template":"","format":"standard","meta":{"_monsterinsights_skip_tracking":false,"_monsterinsights_sitenote_active":false,"_monsterinsights_sitenote_note":"","_monsterinsights_sitenote_category":0,"footnotes":""},"categories":[150],"tags":[160],"class_list":["post-2228","post","type-post","status-publish","format-standard","has-post-thumbnail","hentry","category-actualidad","tag-160"],"_links":{"self":[{"href":"https:\/\/news.digitaltv.com.ar\/index.php?rest_route=\/wp\/v2\/posts\/2228","targetHints":{"allow":["GET"]}}],"collection":[{"href":"https:\/\/news.digitaltv.com.ar\/index.php?rest_route=\/wp\/v2\/posts"}],"about":[{"href":"https:\/\/news.digitaltv.com.ar\/index.php?rest_route=\/wp\/v2\/types\/post"}],"author":[{"embeddable":true,"href":"https:\/\/news.digitaltv.com.ar\/index.php?rest_route=\/wp\/v2\/users\/3"}],"replies":[{"embeddable":true,"href":"https:\/\/news.digitaltv.com.ar\/index.php?rest_route=%2Fwp%2Fv2%2Fcomments&post=2228"}],"version-history":[{"count":1,"href":"https:\/\/news.digitaltv.com.ar\/index.php?rest_route=\/wp\/v2\/posts\/2228\/revisions"}],"predecessor-version":[{"id":2230,"href":"https:\/\/news.digitaltv.com.ar\/index.php?rest_route=\/wp\/v2\/posts\/2228\/revisions\/2230"}],"wp:featuredmedia":[{"embeddable":true,"href":"https:\/\/news.digitaltv.com.ar\/index.php?rest_route=\/wp\/v2\/media\/2229"}],"wp:attachment":[{"href":"https:\/\/news.digitaltv.com.ar\/index.php?rest_route=%2Fwp%2Fv2%2Fmedia&parent=2228"}],"wp:term":[{"taxonomy":"category","embeddable":true,"href":"https:\/\/news.digitaltv.com.ar\/index.php?rest_route=%2Fwp%2Fv2%2Fcategories&post=2228"},{"taxonomy":"post_tag","embeddable":true,"href":"https:\/\/news.digitaltv.com.ar\/index.php?rest_route=%2Fwp%2Fv2%2Ftags&post=2228"}],"curies":[{"name":"wp","href":"https:\/\/api.w.org\/{rel}","templated":true}]}}