{"id":2300,"date":"2022-05-10T14:34:43","date_gmt":"2022-05-10T17:34:43","guid":{"rendered":"https:\/\/wp.digitaltv.com.ar\/?p=2300"},"modified":"2022-05-11T09:04:38","modified_gmt":"2022-05-11T12:04:38","slug":"cerca-de-10-millones-de-personsas-ya-completaron-el-censo-digital-del-indec","status":"publish","type":"post","link":"https:\/\/news.digitaltv.com.ar\/?p=2300","title":{"rendered":"CERCA DE 10 MILLONES DE PERSONSAS YA COMPLETARON EL CENSO DIGITAL DEL INDEC"},"content":{"rendered":"\n<p>El director nacional de Planificaci\u00f3n y Relaciones Institucionales e Internacionales del Instituto Nacional de Estad\u00edsticas y Censos (Indec), Mariano Poledo, inform\u00f3 hoy que &#8220;cerca de 10 millones de personas ya completaron el censo digital&#8221;, el cual estar\u00e1 disponible hasta el 18 de mayo a las 8, cuando comenzar\u00e1 el relevamiento de forma presencial en todas las viviendas del pa\u00eds.<\/p>\n\n\n\n<p>Poledo indic\u00f3, en declaraciones a radio LU6 de Mar del Plata, que &#8220;hasta el momento, a nivel nacional, en porcentuales de viviendas ronda el 22% distribuido de forma bastante homog\u00e9nea en todas las provincias&#8221;.<\/p>\n\n\n\n<p>En ese marco, el funcionario aclar\u00f3 que, &#8220;en t\u00e9rminos de personas, son 10 millones las que ya hicieron el censo digital, lo que representa casi 4 millones de hogares&#8221;.<\/p>\n\n\n\n<p>&#8220;Estamos conformes, es bueno, aunque invitamos a que la poblaci\u00f3n ingrese a https:\/\/digital.censo.gob.ar y realice el censo digital y no espere a \u00faltimo momento para hacerlo&#8221;, sostuvo Poledo. La proyecci\u00f3n del Indec habla de 46,5 millones de habitantes aproximadamente.<\/p>\n\n\n\n<p>&#8220;En estos \u00faltimos d\u00edas estamos teniendo picos de personas que ingresan, por ejemplo ayer ingresaron m\u00e1s de 60 mil personas al sitio&#8221;, destac\u00f3.<\/p>\n\n\n\n<p>Por otra parte, ante la circulaci\u00f3n de un mensaje de WhatsApp que dice que el censista preguntar\u00e1 sobre cu\u00e1nto gana una persona o temas relacionados a lo econ\u00f3mico y monetario, Poledo afirm\u00f3 que &#8220;ning\u00fan censista preguntar\u00e1 nada de eso, y no son preguntas del cuestionario&#8221;.<\/p>\n\n\n\n<p>&#8220;Son WhatsApp que corren con objetivos maliciosos&#8221;, advirti\u00f3.<\/p>\n\n\n\n<p>El funcionario nacional record\u00f3 que &#8220;esta nueva modalidad de relevamiento permite realizar el censo digital, y el d\u00eda 18 de mayo cuando concurra el censista al domicilio, se le entregue el c\u00f3digo de seis d\u00edgitos que te brinda una vez terminado el cuestionario del censo digital&#8221;.<\/p>\n\n\n\n<p>En ese marco, Poledo dijo que &#8220;el censo digital, de alguna manera, aliviana el tiempo en campo tanto para el censista como para la poblaci\u00f3n&#8221;.<\/p>\n","protected":false},"excerpt":{"rendered":"<p>El director nacional de Planificaci\u00f3n y Relaciones Institucionales e Internacionales del Instituto Nacional de Estad\u00edsticas y Censos (Indec), Mariano Poledo, inform\u00f3 hoy que &#8220;cerca de 10 millones de personas ya completaron el censo digital&#8221;, el cual estar\u00e1 disponible hasta el 18 de mayo a las 8, cuando comenzar\u00e1 el relevamiento de forma presencial en todas [&hellip;]<\/p>\n","protected":false},"author":2,"featured_media":2301,"comment_status":"open","ping_status":"open","sticky":false,"template":"","format":"standard","meta":{"_monsterinsights_skip_tracking":false,"_monsterinsights_sitenote_active":false,"_monsterinsights_sitenote_note":"","_monsterinsights_sitenote_category":0,"footnotes":""},"categories":[150],"tags":[160],"class_list":["post-2300","post","type-post","status-publish","format-standard","has-post-thumbnail","hentry","category-actualidad","tag-160"],"_links":{"self":[{"href":"https:\/\/news.digitaltv.com.ar\/index.php?rest_route=\/wp\/v2\/posts\/2300","targetHints":{"allow":["GET"]}}],"collection":[{"href":"https:\/\/news.digitaltv.com.ar\/index.php?rest_route=\/wp\/v2\/posts"}],"about":[{"href":"https:\/\/news.digitaltv.com.ar\/index.php?rest_route=\/wp\/v2\/types\/post"}],"author":[{"embeddable":true,"href":"https:\/\/news.digitaltv.com.ar\/index.php?rest_route=\/wp\/v2\/users\/2"}],"replies":[{"embeddable":true,"href":"https:\/\/news.digitaltv.com.ar\/index.php?rest_route=%2Fwp%2Fv2%2Fcomments&post=2300"}],"version-history":[{"count":1,"href":"https:\/\/news.digitaltv.com.ar\/index.php?rest_route=\/wp\/v2\/posts\/2300\/revisions"}],"predecessor-version":[{"id":2302,"href":"https:\/\/news.digitaltv.com.ar\/index.php?rest_route=\/wp\/v2\/posts\/2300\/revisions\/2302"}],"wp:featuredmedia":[{"embeddable":true,"href":"https:\/\/news.digitaltv.com.ar\/index.php?rest_route=\/wp\/v2\/media\/2301"}],"wp:attachment":[{"href":"https:\/\/news.digitaltv.com.ar\/index.php?rest_route=%2Fwp%2Fv2%2Fmedia&parent=2300"}],"wp:term":[{"taxonomy":"category","embeddable":true,"href":"https:\/\/news.digitaltv.com.ar\/index.php?rest_route=%2Fwp%2Fv2%2Fcategories&post=2300"},{"taxonomy":"post_tag","embeddable":true,"href":"https:\/\/news.digitaltv.com.ar\/index.php?rest_route=%2Fwp%2Fv2%2Ftags&post=2300"}],"curies":[{"name":"wp","href":"https:\/\/api.w.org\/{rel}","templated":true}]}}