{"id":2418,"date":"2022-05-15T11:49:02","date_gmt":"2022-05-15T14:49:02","guid":{"rendered":"https:\/\/wp.digitaltv.com.ar\/?p=2418"},"modified":"2022-05-16T11:54:08","modified_gmt":"2022-05-16T14:54:08","slug":"la-intencion-de-macri-de-despegarse-de-la-ucr-reavivo-la-interna-entre-sectores-del-pro","status":"publish","type":"post","link":"https:\/\/news.digitaltv.com.ar\/?p=2418","title":{"rendered":"LA INTENCION DE MACRI DE DESPEGARSE DE LA UCR REAVIV\u00d3 LA INTERNA ENTRE SECTORES DEL PRO"},"content":{"rendered":"\n<p>El consejo del expresidente Mauricio Macri a los dirigentes del PRO para que se alejen de las posturas de la UCR y recuperen la identidad partidaria volvi\u00f3 a abrir una nueva grieta entre los principales actores que tiene esa fuerza pol\u00edtica, donde parecen coexistir aquellos que expresan posturas &#8220;dialoguistas&#8221;, y se referencian en el jefe de Gobierno porte\u00f1o, Horacio Rodr\u00edguez Larreta, con los denominados &#8220;halcones&#8221;, m\u00e1s cercanos a las concepciones de derecha y del neoliberalismo cl\u00e1sico.<\/p>\n\n\n\n<p>Dos eventos importantes que nuclearon a referentes pol\u00edticos y empresarios durante la semana que pas\u00f3 -las reuniones de la Fundaci\u00f3n Libertad y de la C\u00e1mara de Comercio de Estados Unidos en Argentina (Amcham)- mostraron a Macri en una ratificaci\u00f3n del rol de centralidad que ocupa en el espacio opositor.<\/p>\n\n\n\n<p>Pero m\u00e1s all\u00e1 de las distintas miradas de pa\u00eds que el PRO exhibi\u00f3 en estos encuentros, lo m\u00e1s importante de la semana ocurri\u00f3 en un almuerzo convocado por el expresidente Macri, y al cual asistieron figuras del PRO como Rodr\u00edguez Larreta, la exministra de Seguridad Patricia Bullrich, la exgobernadora bonaerense Mar\u00eda Eugenia Vidal, y el actual ministro de Gobierno porte\u00f1o, Jorge Macri.<\/p>\n\n\n\n<p>En esa reuni\u00f3n, el exmandatario &#8220;baj\u00f3 l\u00ednea&#8221; y pidi\u00f3 en reiteradas oportunidades que el PRO vuelva a su origen, y les reclam\u00f3 a los presentes &#8220;reforzar la identidad partidaria&#8221;.<\/p>\n\n\n\n<p>Macri fue espec\u00edfico en ese encuentro, seg\u00fan reconstruy\u00f3 T\u00e9lam, en apuntar contra la figura del gobernador de Jujuy titular de la UCR, Gerardo Morales, a quien acusa de tener &#8220;una relaci\u00f3n muy cercana&#8221; con el presidente Alberto Fern\u00e1ndez, y en consecuencia de haber votado en el Congreso proyectos en consonancia con el Frente de Todos (FdT).<\/p>\n\n\n\n<p>El exmandatario, que a\u00fan coquetea con la idea de presentarse como candidato a presidente en 2023, pidi\u00f3 en ese almuerzo que el PRO se aleje en este sentido de la UCR, aunque manteniendo la unidad de Juntos por el Cambio (JxC).<\/p>\n\n\n\n<p>&#8220;M\u00e1s cambio y menos juntos&#8221;, fue la filosof\u00eda del mensaje que les baj\u00f3 Macri al resto de los comensales que lo escucharon en Puerto Madero, antes del viaje que emprendi\u00f3 a EEUU para asistir a la Florida International University y reunirse con el exgobernador de Florida Jeb Bush.<\/p>\n\n\n\n<p>Los &#8220;halcones&#8221; de hecho se llevaron los mayores aplausos tanto en los encuentros de la Fundaci\u00f3n Libertad, al cual asisti\u00f3 Macri, y de la reuni\u00f3n de la Amcham, que cont\u00f3 con la presencia de Bullrich.<\/p>\n\n\n\n<p>Ambos prometieron en esos \u00e1mbitos un proyecto de pa\u00eds con &#8220;reglas de juego claras&#8221; para los empresarios que y aplicaci\u00f3n de pol\u00edticas de ortodoxia econ\u00f3mica.<\/p>\n\n\n\n<p>Otro de los motivos de este llamado de Macri para volver al &#8220;purismo&#8221; del PRO por supuesto que tiene que ver con la influencia cada vez m\u00e1s marcada que tiene en el escenario pol\u00edtico el economista y diputado nacional de la Libertad Avanza, Javier Milei, quien se prefigura un potencial erosionador de la base de sustentaci\u00f3n que posee JxC.<\/p>\n\n\n\n<p>En la Amcham, Rodr\u00edguez Larreta para mostrarse como una figura de &#8220;consenso&#8221;, y se mostr\u00f3 en favor de una administraci\u00f3n &#8220;de coalici\u00f3n&#8221; entre fuerzas pol\u00edticas que se ubiquen en la centro derecha.<\/p>\n\n\n\n<p>Ante el esquema del PRO puro que plante\u00f3 Macri, el jefe de Gobierno porte\u00f1o postul\u00f3 la ampliaci\u00f3n partidaria como el &#8220;\u00fanico camino&#8221; para llegar al gobierno tras las elecciones del 2023.<\/p>\n\n\n\n<p>&#8220;En las \u00faltimas elecciones (las de 2021) ya sumamos a referentes del peronismo, liberales e independientes que nos aportaron ideas y proyectos. Para construir una gran coalici\u00f3n, necesitamos sumar m\u00e1s&#8221;, sostiene el jefe de Gobierno porte\u00f1o al momento de definir su proyecto presidencial.<\/p>\n\n\n\n<p>Por eso, el alcaide porte\u00f1o llam\u00f3 a mantener &#8220;a la mayor\u00eda de nuestra coalici\u00f3n dentro de una posici\u00f3n de centro, alejada de los extremos&#8221;.<\/p>\n\n\n\n<p>&#8220;No podemos llegar desde la grieta. Si para llegar tenemos que insultar a todo el mundo, despu\u00e9s no podemos pedirles apoyo para ninguna transformaci\u00f3n&#8221;, reafirm\u00f3 ante los empresarios que lo escucharon en la Amcham.<\/p>\n\n\n\n<p>En el fondo de estos posicionamientos tambi\u00e9n sobrevuela la cuesti\u00f3n Milei: Larreta no lo quiere sumar, mientras que Macri y Bullrich intentan llegar a alg\u00fan tipo de acuerdo con el &#8220;libertario&#8221;.<\/p>\n\n\n\n<p>Mientras estas discusiones internas contin\u00faan, a\u00fan sigue la inc\u00f3gnita de c\u00f3mo resolver\u00e1 el PRO estas diferencias, puesto que la intenci\u00f3n de la dirigencia de ese espacio es la de presentar un s\u00f3lo precandidato en las PASO 2023.<\/p>\n\n\n\n<p>Por ahora, todo parece encaminarse a una disputa entre Rodr\u00edguez Larreta o Bullrich, los dos dirigentes del PRO que dejaron en claro sus aspiraciones de ocupar el Sill\u00f3n de Rivadavia, en un contexto en el cual se espera una definici\u00f3n de Macri en relaci\u00f3n a una precandidatura.<\/p>\n\n\n\n<p>Al calor de las discusiones internas tambi\u00e9n se suman otros precandidatos presidenciales en lo que pareciera ser el inicio de la competencia interna de la coalici\u00f3n opositora.<\/p>\n\n\n\n<p>En las \u00faltimas horas se lanz\u00f3 el exsenador y actual auditor general de la Naci\u00f3n, Miguel \u00c1ngel Pichetto, al frente de Encuentro Republicano Federal, un nuevo espacio que se inscribe ideol\u00f3gicamente m\u00e1s cercano a Macri que a Rodr\u00edguez Larreta y que se autodenomina como &#8220;la pata peronista&#8221; de JxC.<\/p>\n","protected":false},"excerpt":{"rendered":"<p>El consejo del expresidente Mauricio Macri a los dirigentes del PRO para que se alejen de las posturas de la UCR y recuperen la identidad partidaria volvi\u00f3 a abrir una nueva grieta entre los principales actores que tiene esa fuerza pol\u00edtica, donde parecen coexistir aquellos que expresan posturas &#8220;dialoguistas&#8221;, y se referencian en el jefe [&hellip;]<\/p>\n","protected":false},"author":2,"featured_media":2419,"comment_status":"open","ping_status":"open","sticky":false,"template":"","format":"standard","meta":{"_monsterinsights_skip_tracking":false,"_monsterinsights_sitenote_active":false,"_monsterinsights_sitenote_note":"","_monsterinsights_sitenote_category":0,"footnotes":""},"categories":[150],"tags":[160],"class_list":["post-2418","post","type-post","status-publish","format-standard","has-post-thumbnail","hentry","category-actualidad","tag-160"],"_links":{"self":[{"href":"https:\/\/news.digitaltv.com.ar\/index.php?rest_route=\/wp\/v2\/posts\/2418","targetHints":{"allow":["GET"]}}],"collection":[{"href":"https:\/\/news.digitaltv.com.ar\/index.php?rest_route=\/wp\/v2\/posts"}],"about":[{"href":"https:\/\/news.digitaltv.com.ar\/index.php?rest_route=\/wp\/v2\/types\/post"}],"author":[{"embeddable":true,"href":"https:\/\/news.digitaltv.com.ar\/index.php?rest_route=\/wp\/v2\/users\/2"}],"replies":[{"embeddable":true,"href":"https:\/\/news.digitaltv.com.ar\/index.php?rest_route=%2Fwp%2Fv2%2Fcomments&post=2418"}],"version-history":[{"count":1,"href":"https:\/\/news.digitaltv.com.ar\/index.php?rest_route=\/wp\/v2\/posts\/2418\/revisions"}],"predecessor-version":[{"id":2420,"href":"https:\/\/news.digitaltv.com.ar\/index.php?rest_route=\/wp\/v2\/posts\/2418\/revisions\/2420"}],"wp:featuredmedia":[{"embeddable":true,"href":"https:\/\/news.digitaltv.com.ar\/index.php?rest_route=\/wp\/v2\/media\/2419"}],"wp:attachment":[{"href":"https:\/\/news.digitaltv.com.ar\/index.php?rest_route=%2Fwp%2Fv2%2Fmedia&parent=2418"}],"wp:term":[{"taxonomy":"category","embeddable":true,"href":"https:\/\/news.digitaltv.com.ar\/index.php?rest_route=%2Fwp%2Fv2%2Fcategories&post=2418"},{"taxonomy":"post_tag","embeddable":true,"href":"https:\/\/news.digitaltv.com.ar\/index.php?rest_route=%2Fwp%2Fv2%2Ftags&post=2418"}],"curies":[{"name":"wp","href":"https:\/\/api.w.org\/{rel}","templated":true}]}}