{"id":2427,"date":"2022-05-16T08:30:43","date_gmt":"2022-05-16T11:30:43","guid":{"rendered":"https:\/\/wp.digitaltv.com.ar\/?p=2427"},"modified":"2022-05-16T14:29:10","modified_gmt":"2022-05-16T17:29:10","slug":"masterchef-celebrity-logro-el-martin-fierro-de-oro-en-la-noche-sin-fin-de-la-tv-argentina","status":"publish","type":"post","link":"https:\/\/news.digitaltv.com.ar\/?p=2427","title":{"rendered":"\u201cMASTERCHEF CELEBRITY\u201d LOGR\u00d3 EL MART\u00cdN FIERRO DE ORO EN LA NOCHE SIN FIN DE LA TV ARGENTINA"},"content":{"rendered":"\n<p>El concurso de cocina para estrellas \u201cMasterChef Celebrity\u201d, el espacio de mayor audiencia de los \u00faltimos a\u00f1os, obtuvo esta noche el Mart\u00edn Fierro de Oro, la m\u00e1xima distinci\u00f3n de una gala de m\u00e1s de cuatro horas de duraci\u00f3n que pretendi\u00f3 saldar los casi tres a\u00f1os sin estos tradicionales premios.<\/p>\n\n\n\n<p>El galard\u00f3n m\u00e1s valioso de la velada premi\u00f3 tambi\u00e9n a Telefe que transmiti\u00f3 la entrega y se llev\u00f3 otros 14 lauros, aventajando a eltrece que obtuvo siete, cuatro de ellos para su ficci\u00f3n nocturna &#8220;La 1-5\/18&#8221;.<\/p>\n\n\n\n<p>Una largu\u00edsima ceremonia se desarroll\u00f3 esta noche para la 50\u00b0 entrega de los premios Mart\u00edn Fierro tras un par\u00e9ntesis de casi tres a\u00f1os debido a la pandemia que pareci\u00f3 obligar a una sucesi\u00f3n de emocionados saludos de las personas que ganaron alg\u00fan lauro sin entregar casi ning\u00fan aporte m\u00e1s all\u00e1 de esa alegr\u00eda.<\/p>\n\n\n\n<p>La fiesta propuesta por la Asociaci\u00f3n de Periodistas de la Televisi\u00f3n y la Radiofon\u00eda Argentinas (APTRA) y transmitida por Telefe para distinguir a la TV local de aire de 2021 pareci\u00f3 entregar una postal acerca de la crisis que golpea al medio en tiempos de cambios en los consumos audiovisuales.<\/p>\n\n\n\n<p>Y sobre esa levedad llena de brillos y palabras personales y de ocasi\u00f3n, cost\u00f3 encontrar momentos salientes o reconocimientos que superaran la mera an\u00e9cdota de ver qui\u00e9n se impon\u00eda en cada rubro.<\/p>\n\n\n\n<p>Entre las pocas reflexiones salientes de la noche, Jessica Valls, una de las autoras de la tira de eltrece &#8220;La 1-5\/18&#8221; (que gan\u00f3 por cuatro) celebr\u00f3 que \u201ctodav\u00eda hay p\u00fablico para nuestra televisi\u00f3n y para la ficci\u00f3n de aire. Y es bueno saber que todav\u00eda la gente espera la aparici\u00f3n de un nuevo cap\u00edtulo frente a la pantalla\u201d.<\/p>\n\n\n\n<p>El periodista Esteban Mirol, conductor junto a la laureada Marisa Mondino de &#8220;Telenueve al mediod\u00eda&#8221; pidi\u00f3 \u201ca los pol\u00edticos de todos los partidos y a los empresarios que terminen con la pelea por favor. Dejen de pelear porque la gente la est\u00e1 pasando mal, p\u00f3nganse a trabajar\u201d.<\/p>\n\n\n\n<p>Entre las pocas referencias a la coyuntura, resalt\u00f3 el comentario de Diego Brancatelli entre el staff del primer Fierro para \u201cIntratables\u201d (Am\u00e9rica) marcando que \u201cel periodismo se saque la careta y hable de frente\u201d y m\u00e1s expl\u00edcita result\u00f3 Cristina P\u00e9rez como parte del octavo premio a \u201cTelefe Noticias\u201d y lo dedic\u00f3 \u201ca los protagonistas de la realidad, a los argentinos que sufren la inseguridad, que viven con angustia la inflaci\u00f3n y la est\u00e1n pasando mal. Para ellos trabajamos y hacemos las preguntas que tenemos que hacer. Todos nosotros nos debemos a ellos, ojal\u00e1 estemos todos a la altura\u201d.<\/p>\n\n\n\n<p>Por su parte, Juan Braceli, uno de los sostenes de &#8220;Cocineros argentinos&#8221; (que logr\u00f3 uno de los dos lauros para la pantalla estatal), apunt\u00f3 que \u201crepresentamos los valores de una televisi\u00f3n p\u00fablica que tiene q entretener dejando algo\u201d.<\/p>\n\n\n\n<p>Mientras que Beto Casella, quien se impuso como conductor, confes\u00f3 y fue cre\u00edble que \u201chubiera preferido mil veces subir con el equipo de \u2018Bendita\u2019, el magazine nocturno que emite El Nueve.<\/p>\n\n\n\n<p>El par de distinciones para \u201cLa Voz Argentina\u201d permiti\u00f3 que Lali Esp\u00f3sito dirigiera el lauro \u201ca la gente, los participantes que vienen de todo el pa\u00eds y se animan a venir a romper la barrera del miedo y animarse a cantar\u201d.<\/p>\n\n\n\n<p>La emotividad tuvo su momento culminante con el premio a \u201cLa Pe\u00f1a de Morfi\u201d que ofici\u00f3 como homenaje a su mentor, Gerardo Roz\u00edn, fallecido en marzo pasado, y el empresario Claudio Belocopitt, socio del periodista y conductor en la productora Corner, se\u00f1al\u00f3: \u201cEste premio es de 2021, un a\u00f1o en el que Gerardo tuvo que transitar un momento dur\u00edsimo y sin embargo, cada vez que le tocaba trabajar y producir y tratar de mejorar, se le iluminaban los ojos porque transpiraba y respiraba televisi\u00f3n\u201d.<\/p>\n\n\n\n<p>Tampoco le fue en saga el tributo a Diego Armando Maradona que incluy\u00f3 fragmentos de su programa \u201cLa Noche del 10\u201d, el gol a los ingleses en M\u00e9xico 86 relatado por V\u00edctor Hugo Morales y Valeria Lynch cantando \u201cMe das cada d\u00eda m\u00e1s\u201d ni el llanto de Mirtha Legrand cuando su nieta Juana Viale logr\u00f3 su primera distinci\u00f3n por haberla reemplazado en el cl\u00e1sico que se emite por eltrece.<\/p>\n\n\n\n<p>Enseguida Legrand recibi\u00f3 unos aros de brillantes de uno de sus auspiciantes en un fragmento que fue uno de los tantos pasajes auspiciados de la noche y aprovech\u00f3 a confesar que \u201clo \u00fanico que quiero es estar entre mis pares y mi familia\u201d.<\/p>\n\n\n\n<p>\u201cEstuve 300 d\u00edas encerrada sin salir al balc\u00f3n y llam\u00e9 a Facundo Manes y el consejo que me dio -y esto es para todos- fue \u2018trabaje Mirtha, trabaje\u2019\u201d, dijo Mirtha quien a sus 95 a\u00f1os asegur\u00f3 que seguir\u00e1 trabajando.<\/p>\n","protected":false},"excerpt":{"rendered":"<p>El concurso de cocina para estrellas \u201cMasterChef Celebrity\u201d, el espacio de mayor audiencia de los \u00faltimos a\u00f1os, obtuvo esta noche el Mart\u00edn Fierro de Oro, la m\u00e1xima distinci\u00f3n de una gala de m\u00e1s de cuatro horas de duraci\u00f3n que pretendi\u00f3 saldar los casi tres a\u00f1os sin estos tradicionales premios. El galard\u00f3n m\u00e1s valioso de la [&hellip;]<\/p>\n","protected":false},"author":1,"featured_media":2428,"comment_status":"open","ping_status":"open","sticky":false,"template":"","format":"standard","meta":{"_monsterinsights_skip_tracking":false,"_monsterinsights_sitenote_active":false,"_monsterinsights_sitenote_note":"","_monsterinsights_sitenote_category":0,"footnotes":""},"categories":[2],"tags":[160],"class_list":["post-2427","post","type-post","status-publish","format-standard","has-post-thumbnail","hentry","category-espectaculos","tag-160"],"_links":{"self":[{"href":"https:\/\/news.digitaltv.com.ar\/index.php?rest_route=\/wp\/v2\/posts\/2427","targetHints":{"allow":["GET"]}}],"collection":[{"href":"https:\/\/news.digitaltv.com.ar\/index.php?rest_route=\/wp\/v2\/posts"}],"about":[{"href":"https:\/\/news.digitaltv.com.ar\/index.php?rest_route=\/wp\/v2\/types\/post"}],"author":[{"embeddable":true,"href":"https:\/\/news.digitaltv.com.ar\/index.php?rest_route=\/wp\/v2\/users\/1"}],"replies":[{"embeddable":true,"href":"https:\/\/news.digitaltv.com.ar\/index.php?rest_route=%2Fwp%2Fv2%2Fcomments&post=2427"}],"version-history":[{"count":1,"href":"https:\/\/news.digitaltv.com.ar\/index.php?rest_route=\/wp\/v2\/posts\/2427\/revisions"}],"predecessor-version":[{"id":2429,"href":"https:\/\/news.digitaltv.com.ar\/index.php?rest_route=\/wp\/v2\/posts\/2427\/revisions\/2429"}],"wp:featuredmedia":[{"embeddable":true,"href":"https:\/\/news.digitaltv.com.ar\/index.php?rest_route=\/wp\/v2\/media\/2428"}],"wp:attachment":[{"href":"https:\/\/news.digitaltv.com.ar\/index.php?rest_route=%2Fwp%2Fv2%2Fmedia&parent=2427"}],"wp:term":[{"taxonomy":"category","embeddable":true,"href":"https:\/\/news.digitaltv.com.ar\/index.php?rest_route=%2Fwp%2Fv2%2Fcategories&post=2427"},{"taxonomy":"post_tag","embeddable":true,"href":"https:\/\/news.digitaltv.com.ar\/index.php?rest_route=%2Fwp%2Fv2%2Ftags&post=2427"}],"curies":[{"name":"wp","href":"https:\/\/api.w.org\/{rel}","templated":true}]}}