{"id":2591,"date":"2022-05-23T08:56:02","date_gmt":"2022-05-23T11:56:02","guid":{"rendered":"https:\/\/wp.digitaltv.com.ar\/?p=2591"},"modified":"2022-05-23T14:49:30","modified_gmt":"2022-05-23T17:49:30","slug":"vecinos-denuncian-la-quema-de-contenedores-en-la-zona-centro","status":"publish","type":"post","link":"https:\/\/news.digitaltv.com.ar\/?p=2591","title":{"rendered":"VECINOS DENUNCIAN LA QUEMA DE CONTENEDORES EN LA ZONA CENTRO"},"content":{"rendered":"\n<p>Durante el fin de semana vecinos de barrio centro denunciaron la quema de contenedores. La denuncia fue hecha a trav\u00e9s de ojos en alerta y el 147.<\/p>\n\n\n\n<p>Durante la madrugada del domingo se llev\u00f3 a cabo la quema de contenedores, una pr\u00e1ctica que por momento se vuelve habitual a pesar de las campa\u00f1as del municipio. En esta oportunidad vecinos de calle Alem entre General Paz y Castelli vieron los desechos el domingo por la ma\u00f1ana.<\/p>\n\n\n\n<p>La denuncia se hizo a trav\u00e9s de la aplicaci\u00f3n ojos en alerta donde respondieron con mayor presencia policial y el 147 fue quien se encargo de la reposici\u00f3n y limpieza este lunes por la ma\u00f1ana.<\/p>\n\n\n\n<p>La zona ya ha vivido estos episodios en varias oportunidades, generando un riesgo m\u00e1s all\u00e1 de la perdida material.<\/p>\n","protected":false},"excerpt":{"rendered":"<p>Durante el fin de semana vecinos de barrio centro denunciaron la quema de contenedores. La denuncia fue hecha a trav\u00e9s de ojos en alerta y el 147. Durante la madrugada del domingo se llev\u00f3 a cabo la quema de contenedores, una pr\u00e1ctica que por momento se vuelve habitual a pesar de las campa\u00f1as del municipio. [&hellip;]<\/p>\n","protected":false},"author":2,"featured_media":2592,"comment_status":"open","ping_status":"open","sticky":false,"template":"","format":"standard","meta":{"_monsterinsights_skip_tracking":false,"_monsterinsights_sitenote_active":false,"_monsterinsights_sitenote_note":"","_monsterinsights_sitenote_category":0,"footnotes":""},"categories":[152],"tags":[169],"class_list":["post-2591","post","type-post","status-publish","format-standard","has-post-thumbnail","hentry","category-pergamino","tag-169"],"_links":{"self":[{"href":"https:\/\/news.digitaltv.com.ar\/index.php?rest_route=\/wp\/v2\/posts\/2591","targetHints":{"allow":["GET"]}}],"collection":[{"href":"https:\/\/news.digitaltv.com.ar\/index.php?rest_route=\/wp\/v2\/posts"}],"about":[{"href":"https:\/\/news.digitaltv.com.ar\/index.php?rest_route=\/wp\/v2\/types\/post"}],"author":[{"embeddable":true,"href":"https:\/\/news.digitaltv.com.ar\/index.php?rest_route=\/wp\/v2\/users\/2"}],"replies":[{"embeddable":true,"href":"https:\/\/news.digitaltv.com.ar\/index.php?rest_route=%2Fwp%2Fv2%2Fcomments&post=2591"}],"version-history":[{"count":1,"href":"https:\/\/news.digitaltv.com.ar\/index.php?rest_route=\/wp\/v2\/posts\/2591\/revisions"}],"predecessor-version":[{"id":2593,"href":"https:\/\/news.digitaltv.com.ar\/index.php?rest_route=\/wp\/v2\/posts\/2591\/revisions\/2593"}],"wp:featuredmedia":[{"embeddable":true,"href":"https:\/\/news.digitaltv.com.ar\/index.php?rest_route=\/wp\/v2\/media\/2592"}],"wp:attachment":[{"href":"https:\/\/news.digitaltv.com.ar\/index.php?rest_route=%2Fwp%2Fv2%2Fmedia&parent=2591"}],"wp:term":[{"taxonomy":"category","embeddable":true,"href":"https:\/\/news.digitaltv.com.ar\/index.php?rest_route=%2Fwp%2Fv2%2Fcategories&post=2591"},{"taxonomy":"post_tag","embeddable":true,"href":"https:\/\/news.digitaltv.com.ar\/index.php?rest_route=%2Fwp%2Fv2%2Ftags&post=2591"}],"curies":[{"name":"wp","href":"https:\/\/api.w.org\/{rel}","templated":true}]}}