{"id":2633,"date":"2022-05-25T10:35:53","date_gmt":"2022-05-25T13:35:53","guid":{"rendered":"https:\/\/wp.digitaltv.com.ar\/?p=2633"},"modified":"2022-05-26T11:49:11","modified_gmt":"2022-05-26T14:49:11","slug":"taiana-encabezara-hoy-ceremonia-conmemorativa-por-el-212o-aniversario-de-la-revolucion-de-mayo","status":"publish","type":"post","link":"https:\/\/news.digitaltv.com.ar\/?p=2633","title":{"rendered":"TAIANA ENCABEZAR\u00c1 HOY CEREMONIA CONMEMORATIVA POR EL 212\u00ba ANIVERSARIO DE LA REVOLUCION DE MAYO"},"content":{"rendered":"\n<p>El ministro de Defensa, Jorge Taiana, encabezar\u00e1 hoy junto a los jefes de las Fuerzas Armadas la ceremonia conmemorativa por un nuevo aniversario de la Revoluci\u00f3n de Mayo de 1810.<\/p>\n\n\n\n<p>El acto se llevar\u00e1 a cabo a las 9.30 en la Plaza de Armas, frente al Edificio Libertador, sede del ministerio ubicado en Azopardo 250.<\/p>\n\n\n\n<p>La Revoluci\u00f3n de Mayo tuvo lugar el 25 de mayo de 1810, cuando se obtuvo la dimisi\u00f3n del Virrey Cisneros y se estableci\u00f3 la Primera Junta de Gobierno, presidida por Cornelio Saavedra, con Mariano Moreno y Juan Jos\u00e9 Paso como secretarios.<\/p>\n\n\n\n<p>La fecha es considerada como el inicio del Estado nacional argentino, que marc\u00f3 el camino hacia la independencia del pa\u00eds.<\/p>\n","protected":false},"excerpt":{"rendered":"<p>El ministro de Defensa, Jorge Taiana, encabezar\u00e1 hoy junto a los jefes de las Fuerzas Armadas la ceremonia conmemorativa por un nuevo aniversario de la Revoluci\u00f3n de Mayo de 1810. El acto se llevar\u00e1 a cabo a las 9.30 en la Plaza de Armas, frente al Edificio Libertador, sede del ministerio ubicado en Azopardo 250. [&hellip;]<\/p>\n","protected":false},"author":2,"featured_media":2634,"comment_status":"open","ping_status":"open","sticky":false,"template":"","format":"standard","meta":{"_monsterinsights_skip_tracking":false,"_monsterinsights_sitenote_active":false,"_monsterinsights_sitenote_note":"","_monsterinsights_sitenote_category":0,"footnotes":""},"categories":[150],"tags":[160],"class_list":["post-2633","post","type-post","status-publish","format-standard","has-post-thumbnail","hentry","category-actualidad","tag-160"],"_links":{"self":[{"href":"https:\/\/news.digitaltv.com.ar\/index.php?rest_route=\/wp\/v2\/posts\/2633","targetHints":{"allow":["GET"]}}],"collection":[{"href":"https:\/\/news.digitaltv.com.ar\/index.php?rest_route=\/wp\/v2\/posts"}],"about":[{"href":"https:\/\/news.digitaltv.com.ar\/index.php?rest_route=\/wp\/v2\/types\/post"}],"author":[{"embeddable":true,"href":"https:\/\/news.digitaltv.com.ar\/index.php?rest_route=\/wp\/v2\/users\/2"}],"replies":[{"embeddable":true,"href":"https:\/\/news.digitaltv.com.ar\/index.php?rest_route=%2Fwp%2Fv2%2Fcomments&post=2633"}],"version-history":[{"count":1,"href":"https:\/\/news.digitaltv.com.ar\/index.php?rest_route=\/wp\/v2\/posts\/2633\/revisions"}],"predecessor-version":[{"id":2635,"href":"https:\/\/news.digitaltv.com.ar\/index.php?rest_route=\/wp\/v2\/posts\/2633\/revisions\/2635"}],"wp:featuredmedia":[{"embeddable":true,"href":"https:\/\/news.digitaltv.com.ar\/index.php?rest_route=\/wp\/v2\/media\/2634"}],"wp:attachment":[{"href":"https:\/\/news.digitaltv.com.ar\/index.php?rest_route=%2Fwp%2Fv2%2Fmedia&parent=2633"}],"wp:term":[{"taxonomy":"category","embeddable":true,"href":"https:\/\/news.digitaltv.com.ar\/index.php?rest_route=%2Fwp%2Fv2%2Fcategories&post=2633"},{"taxonomy":"post_tag","embeddable":true,"href":"https:\/\/news.digitaltv.com.ar\/index.php?rest_route=%2Fwp%2Fv2%2Ftags&post=2633"}],"curies":[{"name":"wp","href":"https:\/\/api.w.org\/{rel}","templated":true}]}}