{"id":2636,"date":"2022-05-25T10:51:04","date_gmt":"2022-05-25T13:51:04","guid":{"rendered":"https:\/\/wp.digitaltv.com.ar\/?p=2636"},"modified":"2022-05-26T11:48:53","modified_gmt":"2022-05-26T14:48:53","slug":"filmus-destaco-que-con-el-cannabis-medicinal-se-crearan-como-minimo-10-000-puestos-de-trabajo","status":"publish","type":"post","link":"https:\/\/news.digitaltv.com.ar\/?p=2636","title":{"rendered":"FILMUS DESTAC\u00d3 QUE CON EL CANNABIS MEDICINAL SE CREAR\u00c1N &#8220;COMO MINIMO&#8221; 10.000 PUESTOS DE TRABAJO"},"content":{"rendered":"\n<p>Distintas organizaciones sociales de izquierda se movilizar\u00e1n ma\u00f1ana y el viernes, en una jornada nacional de protestas, con manifestaciones frente a algunas de las plantas productoras de alimentos y a la sede de la Secretar\u00eda de Comercio, en rechazo a &#8220;los abusivos aumento de los precios&#8221; de los productos de la canasta familiar y &#8220;contra la inflaci\u00f3n&#8221;.<\/p>\n\n\n\n<p>&#8220;El punto central de las protestas ser\u00e1 el pr\u00f3ximo 26 de mayo, con una concentraci\u00f3n en la intersecci\u00f3n de las avenidas 9 de Julio y Belgrano, en CABA, pero habr\u00e1 adem\u00e1s movilizaciones a las principales empresas productoras de alimentos de Argentina&#8221;, adelantaron a T\u00e9lam voceros de la convocatoria.<\/p>\n\n\n\n<p>Por cuestiones de &#8220;seguridad&#8221;, las entidades sociales no adelantaron los lugares -sedes de las empresas- hasta donde se movilizar\u00e1n, aclararon.<\/p>\n\n\n\n<p>A trav\u00e9s de un comunicado de prensa conjunto -firmado por el Movimiento Barrios de Pie-Libres del Sur y el denominado Frente de Lucha, conformado por el FOL, una fracci\u00f3n del Frente Popular Dar\u00edo Santill\u00e1n (FPDS), el MTD An\u00edbal Ver\u00f3n, el MRP y el FOB La Libertaria- insistieron en que &#8220;nos vamos a movilizar porque en la Argentina hay hambre y hay 20 empresas poderosas que son due\u00f1as de la comida de los argentinos. En el pa\u00eds hay ganancias muy cuidadas, con precios descuidados&#8221;.<\/p>\n\n\n\n<p>La protesta se concentrar\u00e1 el jueves desde las 9, en la intersecci\u00f3n de las avenidas Belgrano y 9 de Julio y posteriormente se trasladar\u00e1 a la sede de la Secretar\u00eda de Comercio Interior (Avenida Presidente Julio A. Roca 651) y a algunas de las grandes empresa productoras de alimentos.<\/p>\n\n\n\n<p>&#8220;Mientras que la inflaci\u00f3n no baja de los 6 puntos, nuestra situaci\u00f3n como trabajadores y trabajadoras precarizados se agrava. Un pu\u00f1ado de empresas que monopolizan la producci\u00f3n de los alimentos, contin\u00faan con el alza de precios descomunal, mientras que escasean productos b\u00e1sicos a la espera usurera de exportar para aumentar sus ganancias todav\u00eda m\u00e1s&#8221;, remarcaron.<\/p>\n\n\n\n<p>Para estas organizaciones piqueteras de izquierda, &#8220;la Secretar\u00eda de Comercio, que deber\u00eda controlar y regular el aumento desorbitante de precios, muestra su preferencia en el cuidado de las ganancias empresariales, mientras que millones de trabajadores y trabajadoras sobreviven con salarios de miseria&#8221;.<\/p>\n\n\n\n<p>&#8220;Es por eso, este jueves y viernes nos movilizaremos en todo el pa\u00eds, a las puertas de las productoras y distribuidoras de los principales alimentos del pa\u00eds, como tambi\u00e9n hacia la Secretar\u00eda de Comercio, porque mientras unos pocos duplican sus ganancias, millones de familias pobres no llegamos a la canas de alimentos para sobrevivir&#8221;, puntualizaron.<\/p>\n","protected":false},"excerpt":{"rendered":"<p>Distintas organizaciones sociales de izquierda se movilizar\u00e1n ma\u00f1ana y el viernes, en una jornada nacional de protestas, con manifestaciones frente a algunas de las plantas productoras de alimentos y a la sede de la Secretar\u00eda de Comercio, en rechazo a &#8220;los abusivos aumento de los precios&#8221; de los productos de la canasta familiar y &#8220;contra [&hellip;]<\/p>\n","protected":false},"author":2,"featured_media":2637,"comment_status":"open","ping_status":"open","sticky":false,"template":"","format":"standard","meta":{"_monsterinsights_skip_tracking":false,"_monsterinsights_sitenote_active":false,"_monsterinsights_sitenote_note":"","_monsterinsights_sitenote_category":0,"footnotes":""},"categories":[150],"tags":[160],"class_list":["post-2636","post","type-post","status-publish","format-standard","has-post-thumbnail","hentry","category-actualidad","tag-160"],"_links":{"self":[{"href":"https:\/\/news.digitaltv.com.ar\/index.php?rest_route=\/wp\/v2\/posts\/2636","targetHints":{"allow":["GET"]}}],"collection":[{"href":"https:\/\/news.digitaltv.com.ar\/index.php?rest_route=\/wp\/v2\/posts"}],"about":[{"href":"https:\/\/news.digitaltv.com.ar\/index.php?rest_route=\/wp\/v2\/types\/post"}],"author":[{"embeddable":true,"href":"https:\/\/news.digitaltv.com.ar\/index.php?rest_route=\/wp\/v2\/users\/2"}],"replies":[{"embeddable":true,"href":"https:\/\/news.digitaltv.com.ar\/index.php?rest_route=%2Fwp%2Fv2%2Fcomments&post=2636"}],"version-history":[{"count":1,"href":"https:\/\/news.digitaltv.com.ar\/index.php?rest_route=\/wp\/v2\/posts\/2636\/revisions"}],"predecessor-version":[{"id":2638,"href":"https:\/\/news.digitaltv.com.ar\/index.php?rest_route=\/wp\/v2\/posts\/2636\/revisions\/2638"}],"wp:featuredmedia":[{"embeddable":true,"href":"https:\/\/news.digitaltv.com.ar\/index.php?rest_route=\/wp\/v2\/media\/2637"}],"wp:attachment":[{"href":"https:\/\/news.digitaltv.com.ar\/index.php?rest_route=%2Fwp%2Fv2%2Fmedia&parent=2636"}],"wp:term":[{"taxonomy":"category","embeddable":true,"href":"https:\/\/news.digitaltv.com.ar\/index.php?rest_route=%2Fwp%2Fv2%2Fcategories&post=2636"},{"taxonomy":"post_tag","embeddable":true,"href":"https:\/\/news.digitaltv.com.ar\/index.php?rest_route=%2Fwp%2Fv2%2Ftags&post=2636"}],"curies":[{"name":"wp","href":"https:\/\/api.w.org\/{rel}","templated":true}]}}