{"id":2639,"date":"2022-05-25T10:57:51","date_gmt":"2022-05-25T13:57:51","guid":{"rendered":"https:\/\/wp.digitaltv.com.ar\/?p=2639"},"modified":"2022-05-26T13:06:14","modified_gmt":"2022-05-26T16:06:14","slug":"acuerdan-iniciar-la-vacunacion-de-refuerzo-de-covid-19-en-los-ninos-y-ninas-de-entre-5-y-11-anos","status":"publish","type":"post","link":"https:\/\/news.digitaltv.com.ar\/?p=2639","title":{"rendered":"ACUERDAN INICIAR LA VACUNACION DE REFUERZO DE COVID-19 EN LOS NI\u00d1OS Y NI\u00d1AS DE ENTRE 5 Y 11 A\u00d1OS"},"content":{"rendered":"\n<p>Las ministros y ministras de Salud de todo el pa\u00eds acordaron hoy &#8220;iniciar la vacunaci\u00f3n de refuerzo Covid-19 en los ni\u00f1os y ni\u00f1as de entre 5 y 11 a\u00f1os&#8221;, seg\u00fan se inform\u00f3 oficialmente esta noche.<\/p>\n\n\n\n<p>Las vacunas utilizadas ser\u00e1n de plataforma ARN y se aplicar\u00e1n, por lo menos, 120 d\u00edas despu\u00e9s de completado el esquema de vacunaci\u00f3n inicial, indic\u00f3 un comunicado del Ministerio de Salud de la Naci\u00f3n, que adem\u00e1s precis\u00f3 que la decisi\u00f3n fue consensuada en el marco del Consejo Federal de Salud (Cofesa) y, adicionalmente, cuenta con el apoyo cient\u00edfico de la Sociedad Argentina de Pediatr\u00eda (SAP).<\/p>\n\n\n\n<p>&#8220;En el marco de una nueva reuni\u00f3n virtual del Consejo Federal de Salud (Confesa), la ministra de Salud de la Naci\u00f3n, Carla Vizzotti, y los titulares de las carteras sanitarias de las 24 jurisdicciones consensuaron iniciar la aplicaci\u00f3n de dosis de refuerzo contra la Covid-19 en la poblaci\u00f3n de 5 a 11 a\u00f1os con vacunas de plataforma ARN que ser\u00e1n administradas, por lo menos, 120 d\u00edas despu\u00e9s de completado el esquema de vacunaci\u00f3n inicial&#8221;, indic\u00f3 el comunicado.<\/p>\n\n\n\n<p>La cartera de Salud destac\u00f3 que, oportunamente, &#8220;la medida recibi\u00f3 el apoyo cient\u00edfico de la Sociedad Argentina de Pediatr\u00eda (SAP), entidad que en una reuni\u00f3n con autoridades del Ministerio de Salud de la Naci\u00f3n se\u00f1al\u00f3 la importancia de avanzar en el refuerzo de vacunaci\u00f3n en la poblaci\u00f3n infantil de 5 a 11 a\u00f1os con plataformas de ARN&#8221;.<\/p>\n\n\n\n<p>En ese sentido, los especialistas argumentaron que &#8220;ya se cuenta con suficiente informaci\u00f3n sobre la seguridad de estas vacunas en chicas y chicos, y pusieron como ejemplo el caso de Chile y Estados Unidos, donde se ha avanzado en la autorizaci\u00f3n de refuerzos para esta poblaci\u00f3n&#8221;.<\/p>\n\n\n\n<p>&#8220;Existe un amplio consenso en la necesidad de avanzar con los refuerzos ya que la efectividad de los esquemas primarios disminuye con el tiempo, algo que fue comprobado incluso en poblaci\u00f3n pedi\u00e1trica&#8221;, indic\u00f3 el comunicado del Ministerio de Salud.<\/p>\n\n\n\n<p>Adem\u00e1s, los especialistas indicaron que la carga de enfermedad Covid-19 en ni\u00f1as y ni\u00f1os &#8220;no es tan leve como se estimaba al comienzo, algo observado particularmente con la variante \u00d3micron, y ya se ha evidenciado la posibilidad de casos con secuelas a largo plazo incluso en cuadros iniciales leves&#8221;.<\/p>\n","protected":false},"excerpt":{"rendered":"<p>Las ministros y ministras de Salud de todo el pa\u00eds acordaron hoy &#8220;iniciar la vacunaci\u00f3n de refuerzo Covid-19 en los ni\u00f1os y ni\u00f1as de entre 5 y 11 a\u00f1os&#8221;, seg\u00fan se inform\u00f3 oficialmente esta noche. Las vacunas utilizadas ser\u00e1n de plataforma ARN y se aplicar\u00e1n, por lo menos, 120 d\u00edas despu\u00e9s de completado el esquema [&hellip;]<\/p>\n","protected":false},"author":2,"featured_media":2640,"comment_status":"open","ping_status":"open","sticky":false,"template":"","format":"standard","meta":{"_monsterinsights_skip_tracking":false,"_monsterinsights_sitenote_active":false,"_monsterinsights_sitenote_note":"","_monsterinsights_sitenote_category":0,"footnotes":""},"categories":[151],"tags":[160],"class_list":["post-2639","post","type-post","status-publish","format-standard","has-post-thumbnail","hentry","category-salud","tag-160"],"_links":{"self":[{"href":"https:\/\/news.digitaltv.com.ar\/index.php?rest_route=\/wp\/v2\/posts\/2639","targetHints":{"allow":["GET"]}}],"collection":[{"href":"https:\/\/news.digitaltv.com.ar\/index.php?rest_route=\/wp\/v2\/posts"}],"about":[{"href":"https:\/\/news.digitaltv.com.ar\/index.php?rest_route=\/wp\/v2\/types\/post"}],"author":[{"embeddable":true,"href":"https:\/\/news.digitaltv.com.ar\/index.php?rest_route=\/wp\/v2\/users\/2"}],"replies":[{"embeddable":true,"href":"https:\/\/news.digitaltv.com.ar\/index.php?rest_route=%2Fwp%2Fv2%2Fcomments&post=2639"}],"version-history":[{"count":1,"href":"https:\/\/news.digitaltv.com.ar\/index.php?rest_route=\/wp\/v2\/posts\/2639\/revisions"}],"predecessor-version":[{"id":2641,"href":"https:\/\/news.digitaltv.com.ar\/index.php?rest_route=\/wp\/v2\/posts\/2639\/revisions\/2641"}],"wp:featuredmedia":[{"embeddable":true,"href":"https:\/\/news.digitaltv.com.ar\/index.php?rest_route=\/wp\/v2\/media\/2640"}],"wp:attachment":[{"href":"https:\/\/news.digitaltv.com.ar\/index.php?rest_route=%2Fwp%2Fv2%2Fmedia&parent=2639"}],"wp:term":[{"taxonomy":"category","embeddable":true,"href":"https:\/\/news.digitaltv.com.ar\/index.php?rest_route=%2Fwp%2Fv2%2Fcategories&post=2639"},{"taxonomy":"post_tag","embeddable":true,"href":"https:\/\/news.digitaltv.com.ar\/index.php?rest_route=%2Fwp%2Fv2%2Ftags&post=2639"}],"curies":[{"name":"wp","href":"https:\/\/api.w.org\/{rel}","templated":true}]}}