{"id":2671,"date":"2022-05-27T08:42:48","date_gmt":"2022-05-27T11:42:48","guid":{"rendered":"https:\/\/wp.digitaltv.com.ar\/?p=2671"},"modified":"2022-05-27T11:57:47","modified_gmt":"2022-05-27T14:57:47","slug":"fabian-ortiz-no-sabemos-si-vamos-a-tener-respuesta-antes-de-la-fecha","status":"publish","type":"post","link":"https:\/\/news.digitaltv.com.ar\/?p=2671","title":{"rendered":"FABI\u00c1N ORTIZ \u201cNO SABEMOS SI VAMOS A TENER RESPUESTA ANTES DE LA FECHA\u201d"},"content":{"rendered":"\n<p>El director de la escuela N\u00ba13 fue uno de los que solicit\u00f3 la ayuda del municipio para costear el micro para viajar a Temaiken. Se necesitan dos y el costo de los mismos es de ochenta mil pesos cada uno.<\/p>\n\n\n\n<p>Las escuelas N\u00ba 13 y 16 solicitaron al ejecutivo la colaboraci\u00f3n para costear el valor del micro, ochenta mil pesos cada uno, ambas instituciones tienen el ingreso otorgado de manera gratuita por la reserva. Sin respuesta del municipio buscaron ayuda en el concejo delib\u00e9rate. Ahora se encuentra en comisi\u00f3n.<\/p>\n\n\n\n<p>&#8220;En el HCD se pidi\u00f3 un cuarto intermedio, pero el oficialismo no acompa\u00f1o, no sabemos si vamos a tener respuesta antes de la fecha, pedimos al ejecutivo que destine parte del fondo educativo, la repuesta de Demilta fue que no hab\u00eda partida para eso&#8221; explic\u00f3 Fabi\u00e1n Ortiz haciendo referencia a los tiempos.<\/p>\n\n\n\n<p>La gesti\u00f3n para el viaje la realizaron docentes de estas instituciones \u201cdesde la fundaci\u00f3n Temaiken nos otorgaron una beca para 40 personas, 36 alumnos y 4 docentes, los Chicos que asisten a la escuela no tienen la posibilidad de costearlo, la fecha es el 10 de junio, estuvimos haciendo rifas pero no llegamos al costo del micro, es alrededor de 2000 pesos por chico&#8221;.<\/p>\n\n\n\n<p>En el comienzo de la pr\u00f3xima semana deber\u00eda estar la respuesta.<\/p>\n","protected":false},"excerpt":{"rendered":"<p>El director de la escuela N\u00ba13 fue uno de los que solicit\u00f3 la ayuda del municipio para costear el micro para viajar a Temaiken. Se necesitan dos y el costo de los mismos es de ochenta mil pesos cada uno. Las escuelas N\u00ba 13 y 16 solicitaron al ejecutivo la colaboraci\u00f3n para costear el valor [&hellip;]<\/p>\n","protected":false},"author":2,"featured_media":2672,"comment_status":"open","ping_status":"open","sticky":false,"template":"","format":"standard","meta":{"_monsterinsights_skip_tracking":false,"_monsterinsights_sitenote_active":false,"_monsterinsights_sitenote_note":"","_monsterinsights_sitenote_category":0,"footnotes":""},"categories":[152],"tags":[169],"class_list":["post-2671","post","type-post","status-publish","format-standard","has-post-thumbnail","hentry","category-pergamino","tag-169"],"_links":{"self":[{"href":"https:\/\/news.digitaltv.com.ar\/index.php?rest_route=\/wp\/v2\/posts\/2671","targetHints":{"allow":["GET"]}}],"collection":[{"href":"https:\/\/news.digitaltv.com.ar\/index.php?rest_route=\/wp\/v2\/posts"}],"about":[{"href":"https:\/\/news.digitaltv.com.ar\/index.php?rest_route=\/wp\/v2\/types\/post"}],"author":[{"embeddable":true,"href":"https:\/\/news.digitaltv.com.ar\/index.php?rest_route=\/wp\/v2\/users\/2"}],"replies":[{"embeddable":true,"href":"https:\/\/news.digitaltv.com.ar\/index.php?rest_route=%2Fwp%2Fv2%2Fcomments&post=2671"}],"version-history":[{"count":1,"href":"https:\/\/news.digitaltv.com.ar\/index.php?rest_route=\/wp\/v2\/posts\/2671\/revisions"}],"predecessor-version":[{"id":2673,"href":"https:\/\/news.digitaltv.com.ar\/index.php?rest_route=\/wp\/v2\/posts\/2671\/revisions\/2673"}],"wp:featuredmedia":[{"embeddable":true,"href":"https:\/\/news.digitaltv.com.ar\/index.php?rest_route=\/wp\/v2\/media\/2672"}],"wp:attachment":[{"href":"https:\/\/news.digitaltv.com.ar\/index.php?rest_route=%2Fwp%2Fv2%2Fmedia&parent=2671"}],"wp:term":[{"taxonomy":"category","embeddable":true,"href":"https:\/\/news.digitaltv.com.ar\/index.php?rest_route=%2Fwp%2Fv2%2Fcategories&post=2671"},{"taxonomy":"post_tag","embeddable":true,"href":"https:\/\/news.digitaltv.com.ar\/index.php?rest_route=%2Fwp%2Fv2%2Ftags&post=2671"}],"curies":[{"name":"wp","href":"https:\/\/api.w.org\/{rel}","templated":true}]}}