{"id":2695,"date":"2022-05-27T11:02:14","date_gmt":"2022-05-27T14:02:14","guid":{"rendered":"https:\/\/wp.digitaltv.com.ar\/?p=2695"},"modified":"2022-05-27T11:12:15","modified_gmt":"2022-05-27T14:12:15","slug":"el-ministerio-de-salud-confirmo-el-primer-caso-argentina-de-viruela-del-mono","status":"publish","type":"post","link":"https:\/\/news.digitaltv.com.ar\/?p=2695","title":{"rendered":"EL MINISTERIO DE SALUD CONFIRM\u00d3 EL PRIMER CASO ARGENTINA DE VIRUELA DEL MONO"},"content":{"rendered":"\n<p>El Ministerio de Salud confirm\u00f3 que dio positivo el estudio de PCR realizado al paciente sospechado de tener la viruela del mono y dijo que aguarda el estudio de secuenciaci\u00f3n gen\u00f3mica de la muestra, en tanto que a nivel mundial ya se han reportado 332 casos confirmados y 99 sospechosos en 25 pa\u00edses.<\/p>\n\n\n\n<p>Se trata de la persona que la cartera sanitaria hab\u00eda reportado como caso sospechoso el pasado domingo y que ten\u00eda antecedentes de un viaje a Espa\u00f1a, donde estuvo entre el 28 de abril y el 16 de mayo.<\/p>\n\n\n\n<p>&#8220;Un residente de provincia de Buenos Aires consult\u00f3 este domingo en un efector de salud de la Ciudad de Buenos Aires con s\u00edntomas compatibles con viruela s\u00edmica por cuanto presenta p\u00fastulas en distintas partes del cuerpo y fiebre&#8221;, dec\u00eda el comunicado de Salud, que reportaba que estaba &#8220;en buen estado general, asilado, y recibiendo tratamiento sintom\u00e1tico&#8221;.<\/p>\n\n\n\n<p>Para realizar el seguimiento e investigaci\u00f3n se realiz\u00f3 la toma de muestras para diagn\u00f3stico etiol\u00f3gico, que fueron derivadas para su an\u00e1lisis al Laboratorio Nacional de Referencia INEI- ANLIS Dr. Carlos G. Malbr\u00e1n.<\/p>\n\n\n\n<p>A partir de esta sospecha, el Ministerio conform\u00f3 una mesa de trabajo con la provincia de Buenos Aires y CABA &#8220;para coordinar las acciones cl\u00ednicas, diagn\u00f3sticas y epidemiol\u00f3gicas, con el fin de confirmar o descartar el caso, dar adecuada atenci\u00f3n cl\u00ednica e implementar todas las medidas de control de foco para evitar una posible transmisi\u00f3n&#8221;.<\/p>\n\n\n\n<p>La viruela del mono es un ortopoxvirus que causa una enfermedad con s\u00edntomas similares a los de la viruela, pero menos graves.<\/p>\n\n\n\n<p>Si bien la viruela se erradic\u00f3 en 1980, la viruela del mono contin\u00faa ocurriendo en pa\u00edses de \u00c1frica central y occidental, donde es una enfermedad end\u00e9mica.<\/p>\n\n\n\n<p>Los s\u00edntomas son fiebre, una erupci\u00f3n caracter\u00edstica extensa y, por lo general, ganglios linf\u00e1ticos inflamados.<\/p>\n\n\n\n<p>El Ministerio inform\u00f3 que toda persona que presente s\u00edntomas compatibles (en especial erupciones) y antecedentes de viaje a zonas donde est\u00e1 habiendo casos y\/o supone alguna exposici\u00f3n de riesgo con casos sospechosos, probables o confirmados, deber\u00e1 tomar medidas de aislamiento social (no concurrir a escuela, trabajo y eventos sociales), implementar medidas de protecci\u00f3n respiratoria (uso adecuado de barbijo, ambientes ventilados y distancia de las otras personas) y realizar la consulta con el sistema de salud.<\/p>\n\n\n\n<p>El contacto cercano con personas infectadas es el factor de riesgo m\u00e1s importante para la infecci\u00f3n por el virus.<\/p>\n","protected":false},"excerpt":{"rendered":"<p>El Ministerio de Salud confirm\u00f3 que dio positivo el estudio de PCR realizado al paciente sospechado de tener la viruela del mono y dijo que aguarda el estudio de secuenciaci\u00f3n gen\u00f3mica de la muestra, en tanto que a nivel mundial ya se han reportado 332 casos confirmados y 99 sospechosos en 25 pa\u00edses. Se trata [&hellip;]<\/p>\n","protected":false},"author":1,"featured_media":2696,"comment_status":"open","ping_status":"open","sticky":false,"template":"","format":"standard","meta":{"_monsterinsights_skip_tracking":false,"_monsterinsights_sitenote_active":false,"_monsterinsights_sitenote_note":"","_monsterinsights_sitenote_category":0,"footnotes":""},"categories":[151],"tags":[160],"class_list":["post-2695","post","type-post","status-publish","format-standard","has-post-thumbnail","hentry","category-salud","tag-160"],"_links":{"self":[{"href":"https:\/\/news.digitaltv.com.ar\/index.php?rest_route=\/wp\/v2\/posts\/2695","targetHints":{"allow":["GET"]}}],"collection":[{"href":"https:\/\/news.digitaltv.com.ar\/index.php?rest_route=\/wp\/v2\/posts"}],"about":[{"href":"https:\/\/news.digitaltv.com.ar\/index.php?rest_route=\/wp\/v2\/types\/post"}],"author":[{"embeddable":true,"href":"https:\/\/news.digitaltv.com.ar\/index.php?rest_route=\/wp\/v2\/users\/1"}],"replies":[{"embeddable":true,"href":"https:\/\/news.digitaltv.com.ar\/index.php?rest_route=%2Fwp%2Fv2%2Fcomments&post=2695"}],"version-history":[{"count":1,"href":"https:\/\/news.digitaltv.com.ar\/index.php?rest_route=\/wp\/v2\/posts\/2695\/revisions"}],"predecessor-version":[{"id":2697,"href":"https:\/\/news.digitaltv.com.ar\/index.php?rest_route=\/wp\/v2\/posts\/2695\/revisions\/2697"}],"wp:featuredmedia":[{"embeddable":true,"href":"https:\/\/news.digitaltv.com.ar\/index.php?rest_route=\/wp\/v2\/media\/2696"}],"wp:attachment":[{"href":"https:\/\/news.digitaltv.com.ar\/index.php?rest_route=%2Fwp%2Fv2%2Fmedia&parent=2695"}],"wp:term":[{"taxonomy":"category","embeddable":true,"href":"https:\/\/news.digitaltv.com.ar\/index.php?rest_route=%2Fwp%2Fv2%2Fcategories&post=2695"},{"taxonomy":"post_tag","embeddable":true,"href":"https:\/\/news.digitaltv.com.ar\/index.php?rest_route=%2Fwp%2Fv2%2Ftags&post=2695"}],"curies":[{"name":"wp","href":"https:\/\/api.w.org\/{rel}","templated":true}]}}