{"id":2702,"date":"2022-05-28T09:26:30","date_gmt":"2022-05-28T12:26:30","guid":{"rendered":"https:\/\/wp.digitaltv.com.ar\/?p=2702"},"modified":"2022-05-29T10:41:20","modified_gmt":"2022-05-29T13:41:20","slug":"premian-a-investigadoras-argentinas-y-ya-son-10-las-mujeres-galardonadas-por-su-trabajo-cientifico","status":"publish","type":"post","link":"https:\/\/news.digitaltv.com.ar\/?p=2702","title":{"rendered":"PREMIAN A INVESTIGADORAS ARGENTINAS Y YA SON 10 LAS MUJERES GALARDONADAS POR SU TRABAJO CIENT\u00cdFICO"},"content":{"rendered":"\n<p>Una biotecn\u00f3loga del Conicet fue distinguida hoy con el premio internacional L&#8217;Or\u00e9al-Unesco por sus investigaciones sobre c\u00f3mo mejorar los tratamientos oncol\u00f3gicos de tumores malignos, con lo que suman diez las mujeres argentinas premiadas por esta organizaci\u00f3n internacional, por lo que Argentina es el pa\u00eds que cuenta con m\u00e1s galardonados en la regi\u00f3n, inform\u00f3 el Ministerio de Ciencia.<\/p>\n\n\n\n<p>El premio fue para Florencia Cayrol, investigadora asistente del Consejo Nacional de Investigaciones Cient\u00edficas y T\u00e9cnicas (Conicet), en el Instituto de Investigaciones Biom\u00e9dicas.<\/p>\n\n\n\n<p>La cient\u00edfica result\u00f3 premiada gracias a sus aportes sobre el mecanismo molecular desencadenado por las hormonas tiroideas, que afecta la eficacia de las terapias oncol\u00f3gicas.<\/p>\n\n\n\n<p>De esta manera, Argentina se posicion\u00f3 primera dentro de las investigadoras con mayor cantidad de premios de este tipo en Latinoam\u00e9rica y el Caribe, con siete laureadas, todas miembros del Conicet.<\/p>\n\n\n\n<p>Cayrol, quien integra el laboratorio de Neuroinmunomodulaci\u00f3n y Oncolog\u00eda Molecular, manifest\u00f3 estar &#8220;muy agradecida y honrada&#8221; por estar dentro de las 15 seleccionadas.<\/p>\n\n\n\n<p>&#8220;El apoyo y la exposici\u00f3n que otorga este premio me generar\u00e1 nuevas oportunidades para enriquecer mi trabajo, mi investigaci\u00f3n y abrir nuevas puertas en mi carrera cient\u00edfica&#8221;, dijo, adem\u00e1s de que la ayudar\u00e1 a convertirse &#8220;en una investigadora independiente&#8221;.<\/p>\n\n\n\n<p>El ministro de Ciencia, Daniel Filmus, se\u00f1al\u00f3 que el premio &#8220;es un apoyo a las mujeres en la ciencia&#8221; y sostuvo que &#8220;no hay futuro para el pa\u00eds sin ciencia y tecnolog\u00eda, y ese futuro ser\u00e1 para unos pocos si no hay igualdad de g\u00e9nero&#8221;.<\/p>\n\n\n\n<p>Adem\u00e1s, remarc\u00f3 que las investigadoras son un ejemplo que permite &#8220;difundir los aportes de la ciencia, parar formar una ciudadan\u00eda que defienda para siempre pol\u00edticas de Estado y la inversi\u00f3n que se realiza en Ciencia y Tecnolog\u00eda&#8221;.<\/p>\n\n\n\n<p>En tanto, la presidenta del Conicet, Ana Franchi, felicit\u00f3 a la ganadora y remarc\u00f3 la importancia de la tem\u00e1tica del premio, al sostener que &#8220;es una muestra m\u00e1s de la calidad de la ciencia que se realiza en nuestro pa\u00eds&#8221;<\/p>\n\n\n\n<p>&#8220;Esto tambi\u00e9n sirve para darle mayor visibilidad al gran trabajo que realizan nuestras cient\u00edficas, porque cuesta mucho todav\u00eda lograr una igualdad de g\u00e9nero y de oportunidades, para eso tenemos que seguir trabajando, para que las mujeres estemos en igualdad de condiciones que nuestros compa\u00f1eros varones&#8221;, sostuvo Franchi.<\/p>\n\n\n\n<p>Actualmente, Cayrol realiza una investigaci\u00f3n biom\u00e9dica b\u00e1sica con proyecci\u00f3n trasnacional, para su aplicaci\u00f3n cl\u00ednica en el campo de la hemato-oncolog\u00eda.<\/p>\n\n\n\n<p>En la ceremonia de reconocimiento que tendr\u00e1 lugar en Par\u00eds el 23 de junio de este a\u00f1o, tambi\u00e9n se premiar\u00e1 a Alicia Dickenstein, investigadora superior del Conicet, que gan\u00f3 el m\u00e1ximo galard\u00f3n en la edici\u00f3n de 2021, pero no tuvo ceremonia debido a la pandemia.<\/p>\n\n\n\n<p>Desde 1998, este programa reconoce a las mujeres eminentes en la ciencia a nivel global a trav\u00e9s del premio que se entrega a cinco cient\u00edficas sobresalientes de todo el mundo.<\/p>\n","protected":false},"excerpt":{"rendered":"<p>Una biotecn\u00f3loga del Conicet fue distinguida hoy con el premio internacional L&#8217;Or\u00e9al-Unesco por sus investigaciones sobre c\u00f3mo mejorar los tratamientos oncol\u00f3gicos de tumores malignos, con lo que suman diez las mujeres argentinas premiadas por esta organizaci\u00f3n internacional, por lo que Argentina es el pa\u00eds que cuenta con m\u00e1s galardonados en la regi\u00f3n, inform\u00f3 el Ministerio [&hellip;]<\/p>\n","protected":false},"author":1,"featured_media":2703,"comment_status":"open","ping_status":"open","sticky":false,"template":"","format":"standard","meta":{"_monsterinsights_skip_tracking":false,"_monsterinsights_sitenote_active":false,"_monsterinsights_sitenote_note":"","_monsterinsights_sitenote_category":0,"footnotes":""},"categories":[151],"tags":[160],"class_list":["post-2702","post","type-post","status-publish","format-standard","has-post-thumbnail","hentry","category-salud","tag-160"],"_links":{"self":[{"href":"https:\/\/news.digitaltv.com.ar\/index.php?rest_route=\/wp\/v2\/posts\/2702","targetHints":{"allow":["GET"]}}],"collection":[{"href":"https:\/\/news.digitaltv.com.ar\/index.php?rest_route=\/wp\/v2\/posts"}],"about":[{"href":"https:\/\/news.digitaltv.com.ar\/index.php?rest_route=\/wp\/v2\/types\/post"}],"author":[{"embeddable":true,"href":"https:\/\/news.digitaltv.com.ar\/index.php?rest_route=\/wp\/v2\/users\/1"}],"replies":[{"embeddable":true,"href":"https:\/\/news.digitaltv.com.ar\/index.php?rest_route=%2Fwp%2Fv2%2Fcomments&post=2702"}],"version-history":[{"count":1,"href":"https:\/\/news.digitaltv.com.ar\/index.php?rest_route=\/wp\/v2\/posts\/2702\/revisions"}],"predecessor-version":[{"id":2704,"href":"https:\/\/news.digitaltv.com.ar\/index.php?rest_route=\/wp\/v2\/posts\/2702\/revisions\/2704"}],"wp:featuredmedia":[{"embeddable":true,"href":"https:\/\/news.digitaltv.com.ar\/index.php?rest_route=\/wp\/v2\/media\/2703"}],"wp:attachment":[{"href":"https:\/\/news.digitaltv.com.ar\/index.php?rest_route=%2Fwp%2Fv2%2Fmedia&parent=2702"}],"wp:term":[{"taxonomy":"category","embeddable":true,"href":"https:\/\/news.digitaltv.com.ar\/index.php?rest_route=%2Fwp%2Fv2%2Fcategories&post=2702"},{"taxonomy":"post_tag","embeddable":true,"href":"https:\/\/news.digitaltv.com.ar\/index.php?rest_route=%2Fwp%2Fv2%2Ftags&post=2702"}],"curies":[{"name":"wp","href":"https:\/\/api.w.org\/{rel}","templated":true}]}}