{"id":2708,"date":"2022-05-28T09:34:27","date_gmt":"2022-05-28T12:34:27","guid":{"rendered":"https:\/\/wp.digitaltv.com.ar\/?p=2708"},"modified":"2022-05-29T10:52:59","modified_gmt":"2022-05-29T13:52:59","slug":"el-ministerio-de-salud-bonaerense-reduho-un-60-los-tiempos-de-entrega-en-medicacion-oncologica","status":"publish","type":"post","link":"https:\/\/news.digitaltv.com.ar\/?p=2708","title":{"rendered":"EL MINISTERIO DE SALUD BONAERENSE REDUHO UN 60% LOS TIEMPOS DE ENTREGA EN MEDICACI\u00d3N ONCOL\u00d3GICA"},"content":{"rendered":"\n<p>El Ministerio de Salud bonaerense destac\u00f3 hoy que logr\u00f3 reducir en un 60 por ciento los tiempos de entrega de medicaci\u00f3n oncol\u00f3gica a pacientes sin cobertura de obras sociales o prepagas, desde que se constituy\u00f3 el Instituto Provincial del C\u00e1ncer (IPC).<\/p>\n\n\n\n<p>Al celebrar este mes dos a\u00f1os de la fundaci\u00f3n del IPC, espacio que cubre las necesidades de atenci\u00f3n y tratamiento de m\u00e1s 15.000 bonaerenses con cobertura p\u00fablica exclusiva, el ministro de Salud, Nicol\u00e1s Kreplak, indic\u00f3 en un comunicado que &#8220;cuando llegamos al Ministerio de Salud la pol\u00edtica oncol\u00f3gica estaba totalmente desfinanciada, abandonada y sin garantizar medicamentos ni tratamientos&#8221; por lo que se cre\u00f3 este Instituto Provincial que &#8220;est\u00e1 transformando su funcionamiento&#8221;.<\/p>\n\n\n\n<p>La subsecretaria de Atenci\u00f3n y Cuidados Integrales de la Salud, Alexia Navarro, detall\u00f3 que &#8220;el Instituto ofrece un abordaje integral del c\u00e1ncer: se ocupa de la prevenci\u00f3n, el diagn\u00f3stico, el acceso al medicamento y a los tratamientos de radioterapia, adem\u00e1s de generar equipos de acompa\u00f1amiento y cuidados paliativos para los y las pacientes que lo requieran&#8221;.<\/p>\n\n\n\n<p>Incluso, para mejorar el acceso de la comunidad se cre\u00f3 una l\u00ednea gratuita, el 0800-999-1576, y se descentraliz\u00f3 el acceso a la medicaci\u00f3n.<\/p>\n\n\n\n<p>La directora del IPC, Marina Pifano, cont\u00f3 que &#8220;esta semana con la apertura de las delegaciones de Lober\u00eda y Balcarce llegamos a las 60 delegaciones distribuidas en toda la Provincia; a su vez el Instituto cuenta tambi\u00e9n con 76 delegaciones para medicaci\u00f3n de cuidados paliativos y 36 Centros de radioterapia&#8221; y detall\u00f3 que el banco de drogas del IPC garantiza medicamentos oncol\u00f3gicos a los y las residentes de la provincia que cuenten con cobertura p\u00fablica exclusiva.<\/p>\n\n\n\n<p>&#8220;Nuestro objetivo en este punto es garantizar el acceso en tiempo y forma a la medicaci\u00f3n contemplada en el vadem\u00e9cum y disminuir los tiempos de provisi\u00f3n que hoy, en promedio, no excede los 25 d\u00edas desde la solicitud&#8221;, precis\u00f3 Pifano.<\/p>\n\n\n\n<p>Para garantizar la entrega, el IPC cuenta con delegaciones del banco de drogas ubicadas en hospitales nacionales, provinciales o municipales de la Provincia de Buenos Aires, desde donde se cargan las recetas. Luego de pasar por un circuito de auditor\u00eda del propio Instituto, la medicaci\u00f3n es entregada por personal del \u00e1rea de log\u00edstica en los hospitales para ser dispensada a las personas en tratamiento.<\/p>\n\n\n\n<p>El IPC tambi\u00e9n garantiza el acceso a la radioterapia a partir de un convenio con 17 prestadores del \u00e1mbito privado y dos instituciones p\u00fablicas como la fundaci\u00f3n Centro Diagn\u00f3stico Nuclear (FCDN) de la Comisi\u00f3n Nacional de Energ\u00eda At\u00f3mica (CNEA) y el Instituto \u00c1ngel Roffo de la Universidad Nacional de Buenos Aires (UBA), record\u00f3 el Ministerio e indic\u00f3 que quienes necesiten m\u00e1s informaci\u00f3n sobre el IPC pueden comunicarse sin costo al 0800-999-1576 o ingresar a sus redes sociales: @IPC_SaludBAP en Twitter e ipc_saludbap en Instagram.<\/p>\n","protected":false},"excerpt":{"rendered":"<p>El Ministerio de Salud bonaerense destac\u00f3 hoy que logr\u00f3 reducir en un 60 por ciento los tiempos de entrega de medicaci\u00f3n oncol\u00f3gica a pacientes sin cobertura de obras sociales o prepagas, desde que se constituy\u00f3 el Instituto Provincial del C\u00e1ncer (IPC). Al celebrar este mes dos a\u00f1os de la fundaci\u00f3n del IPC, espacio que cubre [&hellip;]<\/p>\n","protected":false},"author":1,"featured_media":2709,"comment_status":"open","ping_status":"open","sticky":false,"template":"","format":"standard","meta":{"_monsterinsights_skip_tracking":false,"_monsterinsights_sitenote_active":false,"_monsterinsights_sitenote_note":"","_monsterinsights_sitenote_category":0,"footnotes":""},"categories":[151],"tags":[160],"class_list":["post-2708","post","type-post","status-publish","format-standard","has-post-thumbnail","hentry","category-salud","tag-160"],"_links":{"self":[{"href":"https:\/\/news.digitaltv.com.ar\/index.php?rest_route=\/wp\/v2\/posts\/2708","targetHints":{"allow":["GET"]}}],"collection":[{"href":"https:\/\/news.digitaltv.com.ar\/index.php?rest_route=\/wp\/v2\/posts"}],"about":[{"href":"https:\/\/news.digitaltv.com.ar\/index.php?rest_route=\/wp\/v2\/types\/post"}],"author":[{"embeddable":true,"href":"https:\/\/news.digitaltv.com.ar\/index.php?rest_route=\/wp\/v2\/users\/1"}],"replies":[{"embeddable":true,"href":"https:\/\/news.digitaltv.com.ar\/index.php?rest_route=%2Fwp%2Fv2%2Fcomments&post=2708"}],"version-history":[{"count":1,"href":"https:\/\/news.digitaltv.com.ar\/index.php?rest_route=\/wp\/v2\/posts\/2708\/revisions"}],"predecessor-version":[{"id":2710,"href":"https:\/\/news.digitaltv.com.ar\/index.php?rest_route=\/wp\/v2\/posts\/2708\/revisions\/2710"}],"wp:featuredmedia":[{"embeddable":true,"href":"https:\/\/news.digitaltv.com.ar\/index.php?rest_route=\/wp\/v2\/media\/2709"}],"wp:attachment":[{"href":"https:\/\/news.digitaltv.com.ar\/index.php?rest_route=%2Fwp%2Fv2%2Fmedia&parent=2708"}],"wp:term":[{"taxonomy":"category","embeddable":true,"href":"https:\/\/news.digitaltv.com.ar\/index.php?rest_route=%2Fwp%2Fv2%2Fcategories&post=2708"},{"taxonomy":"post_tag","embeddable":true,"href":"https:\/\/news.digitaltv.com.ar\/index.php?rest_route=%2Fwp%2Fv2%2Ftags&post=2708"}],"curies":[{"name":"wp","href":"https:\/\/api.w.org\/{rel}","templated":true}]}}