{"id":2718,"date":"2022-05-29T10:24:52","date_gmt":"2022-05-29T13:24:52","guid":{"rendered":"https:\/\/wp.digitaltv.com.ar\/?p=2718"},"modified":"2022-05-30T14:26:11","modified_gmt":"2022-05-30T17:26:11","slug":"vanessa-ragone-nos-parecio-importante-volver-a-traerlo-sobre-el-documental-de-jose-luis-cabezas","status":"publish","type":"post","link":"https:\/\/news.digitaltv.com.ar\/?p=2718","title":{"rendered":"VANESSA RAGONE \u201cNOS PARECIO IMPORTANTE VOLVER A TRAERLO\u201d SOBRE EL DOCUMENTAL DE JOSE LUIS CABEZAS"},"content":{"rendered":"\n<p>La productora del documental \u201cEl fot\u00f3grafo y el cartero, el crimen de Jos\u00e9 Luis Cabezas\u201d dialog\u00f3 con Toma Mate FM 105.1 sobre el documental y la serie \u201cEl Carmel\u201d ambas en Netflix.<\/p>\n\n\n\n<p>La productora Vanessa Ragone form\u00f3 parte de uno de los documentales m\u00e1s vistos en la \u00faltima semana \u201cle est\u00e1 yendo estupendo, estamos muy contentos de que un contenido documentar sea visto, esta es una generaci\u00f3n que conoce muy poco del caso, nos pareci\u00f3 que era importante volver a traerlo&#8221; relat\u00f3.<\/p>\n\n\n\n<p>El crimen que marc\u00f3 el fin de una era pol\u00edtica est\u00e1 otra vez en presencia de todos, en febrero de este a\u00f1o se cumplieron 25 a\u00f1os de la muerte de Jos\u00e9 Luis Cabezas &#8220;para muchas personas hubo una crisis horrorosa, a traerlo al 2022 volvemos a hablar, buscamos a todos lo que hab\u00edan tenido alguna participaci\u00f3.<\/p>\n\n\n\n<p>En cuanto al trabajo de campo &#8220;hablamos con el abogado de la familia cabezas y con la hermana, despu\u00e9s ella prefiri\u00f3 no participar, hicimos lo mismo con la familia Yabran y no quisieron participar, Duhalde no tuvo inconveniente&#8221;.<\/p>\n\n\n\n<p>La productora form\u00f3 parte de la serie \u201cel carmel\u201d tambi\u00e9n producida por la misma plataforma.<\/p>\n","protected":false},"excerpt":{"rendered":"<p>La productora del documental \u201cEl fot\u00f3grafo y el cartero, el crimen de Jos\u00e9 Luis Cabezas\u201d dialog\u00f3 con Toma Mate FM 105.1 sobre el documental y la serie \u201cEl Carmel\u201d ambas en Netflix. La productora Vanessa Ragone form\u00f3 parte de uno de los documentales m\u00e1s vistos en la \u00faltima semana \u201cle est\u00e1 yendo estupendo, estamos muy [&hellip;]<\/p>\n","protected":false},"author":2,"featured_media":2719,"comment_status":"open","ping_status":"open","sticky":false,"template":"","format":"standard","meta":{"_monsterinsights_skip_tracking":false,"_monsterinsights_sitenote_active":false,"_monsterinsights_sitenote_note":"","_monsterinsights_sitenote_category":0,"footnotes":""},"categories":[155],"tags":[169],"class_list":["post-2718","post","type-post","status-publish","format-standard","has-post-thumbnail","hentry","category-cultura","tag-169"],"_links":{"self":[{"href":"https:\/\/news.digitaltv.com.ar\/index.php?rest_route=\/wp\/v2\/posts\/2718","targetHints":{"allow":["GET"]}}],"collection":[{"href":"https:\/\/news.digitaltv.com.ar\/index.php?rest_route=\/wp\/v2\/posts"}],"about":[{"href":"https:\/\/news.digitaltv.com.ar\/index.php?rest_route=\/wp\/v2\/types\/post"}],"author":[{"embeddable":true,"href":"https:\/\/news.digitaltv.com.ar\/index.php?rest_route=\/wp\/v2\/users\/2"}],"replies":[{"embeddable":true,"href":"https:\/\/news.digitaltv.com.ar\/index.php?rest_route=%2Fwp%2Fv2%2Fcomments&post=2718"}],"version-history":[{"count":1,"href":"https:\/\/news.digitaltv.com.ar\/index.php?rest_route=\/wp\/v2\/posts\/2718\/revisions"}],"predecessor-version":[{"id":2720,"href":"https:\/\/news.digitaltv.com.ar\/index.php?rest_route=\/wp\/v2\/posts\/2718\/revisions\/2720"}],"wp:featuredmedia":[{"embeddable":true,"href":"https:\/\/news.digitaltv.com.ar\/index.php?rest_route=\/wp\/v2\/media\/2719"}],"wp:attachment":[{"href":"https:\/\/news.digitaltv.com.ar\/index.php?rest_route=%2Fwp%2Fv2%2Fmedia&parent=2718"}],"wp:term":[{"taxonomy":"category","embeddable":true,"href":"https:\/\/news.digitaltv.com.ar\/index.php?rest_route=%2Fwp%2Fv2%2Fcategories&post=2718"},{"taxonomy":"post_tag","embeddable":true,"href":"https:\/\/news.digitaltv.com.ar\/index.php?rest_route=%2Fwp%2Fv2%2Ftags&post=2718"}],"curies":[{"name":"wp","href":"https:\/\/api.w.org\/{rel}","templated":true}]}}