{"id":2800,"date":"2022-06-01T10:31:34","date_gmt":"2022-06-01T13:31:34","guid":{"rendered":"https:\/\/wp.digitaltv.com.ar\/?p=2800"},"modified":"2022-06-01T10:32:07","modified_gmt":"2022-06-01T13:32:07","slug":"la-muestra-inmersiva-imagine-van-gogh-supera-los-300-ooo-espectadores-y-sigue-hasta-el-31-de-julio","status":"publish","type":"post","link":"https:\/\/news.digitaltv.com.ar\/?p=2800","title":{"rendered":"LA MUESTRA INMERSIVA &#8220;IMAGINE VAN GOGH&#8221; SUPERA LOS 300.OOO ESPECTADORES Y SIGUE HASTA EL 31 DE JULIO"},"content":{"rendered":"\n<p>&#8220;Imagine Van Gogh&#8221;, la muestra inmersiva que se presenta desde febrero en el Predio Ferial La Rural, super\u00f3 los 300.000 espectadores y extiende su permanencia hasta el 31 de julio, en coincidencia con las vacaciones de invierno.<\/p>\n\n\n\n<p>&#8220;Ten\u00edamos indicios muy interesantes de que la muestra iba a andar bien. La preventa marc\u00f3 un r\u00e9cord a nivel mundial pero hoy, con 300.000 entradas vendidas, super\u00f3 todas las expectativas que ten\u00edamos&#8221;, dijo a T\u00e9lam Daniel Grinbank, durante el anuncio del r\u00e9cord de ticket vendidos de la primera exposici\u00f3n inmersiva en llegar a la Argentina.<\/p>\n\n\n\n<p>Desde su estreno, en febrero pasado, en el porte\u00f1o Pabell\u00f3n Frers de La Rural (Avenida Santa Fe 4.363) la exposici\u00f3n recibe miles de visitantes por d\u00eda de todo el pa\u00eds y decidi\u00f3 extender su permanencia hasta el 31 de julio.<\/p>\n\n\n\n<p>&#8220;El turismo receptivo que tiene tan fuerte Buenos Aires en vacaciones de invierno va a contar con una opci\u00f3n m\u00e1s ya que se extiende la muestra de Van Gogh&#8221;, confirm\u00f3 Grinbank, responsable de traer esta propuesta a la Argentina.<\/p>\n\n\n\n<p>Adem\u00e1s, la exhibici\u00f3n del reconocido artista Vincent Van Gogh fue declarada de Inter\u00e9s Cultural por el Ministerio de Cultura de La Naci\u00f3n y por la Legislatura de la Ciudad Aut\u00f3noma de Buenos Aires.<\/p>\n\n\n\n<p>Creada por Annabelle Mauger y Julien Baron, la muestra presenta m\u00e1s de 200 obras del celebrado pintor, presentadas en Imagen Total, una tecnolog\u00eda creada en 1977 por el fot\u00f3grafo y cineasta Franc\u00e9s, Albert Pl\u00e9cy, y desarrollada por Annabelle Mauger, que permite a los espectadores experimentar la profundidad emocional de la obra de arte de una manera mucho m\u00e1s personal y et\u00e9rea.<\/p>\n\n\n\n<p>&#8220;Imagine Van Gogh&#8221; invita a los visitantes a entrar en el mundo y las obras que el genio neerland\u00e9s cre\u00f3 durante los dos \u00faltimos a\u00f1os de su vida, entre 1888 cuando se traslada a Arles en el sur de Francia, hasta su muerte en Auvers-sur-Oise en 1890. En la exposici\u00f3n, el p\u00fablico podr\u00e1 admirar &#8220;La noche estrellada&#8221;, &#8220;Los girasoles&#8221; y &#8220;Los Lirios&#8221;, o dejarse llevar por la intimidad de su Dormitorio en Arles.<\/p>\n\n\n\n<p>Los visitantes recorren la exposici\u00f3n en oscuridad total, s\u00f3lo iluminada por las proyecciones gigantescas de las pinturas m\u00e1s reconocidas del artista, acompa\u00f1adas por la m\u00fasica de los grandes compositores como Saint-Saens, Mozart, Bach, Delibes y Satie.<\/p>\n\n\n\n<p>Hoy en d\u00eda, una exposici\u00f3n como esta no podr\u00eda llevarse a cabo, ya que los precios desorbitados que han alcanzado las obras repercutir\u00edan directamente en los costes de seguro y transporte.<\/p>\n\n\n\n<p>Los 200 cuadros proyectados en la muestra forman parte de prestigiosas colecciones como el Museo d&#8217;Orsay de Par\u00eds, la Galer\u00eda Nacional de Arte de Londres, el Museo Van Gogh de \u00c1msterdam, el Museo de Arte Moderno y el Museo Metropolitano de Arte de Nueva York. Una impresionante selecci\u00f3n que, sencillamente, no podr\u00eda coincidir f\u00edsicamente en el mismo lugar y al mismo tiempo.<\/p>\n\n\n\n<p>Las entradas se pueden adquirir en www.laruralticket.com.ar y en la web oficial www.imagine-vangogh.com. Por cuestiones organizativas y para respetar el distanciamiento social preestablecido dada la situaci\u00f3n sanitaria actual, las entradas se venden en bloques de media hora con aforo limitado, aunque la permanencia en la exhibici\u00f3n no tiene un tiempo preestablecido.<\/p>\n\n\n\n<p>El precio de la entrada es de $ 3.000 por persona, $2.000 para menores de 12 a\u00f1os.<\/p>\n","protected":false},"excerpt":{"rendered":"<p>&#8220;Imagine Van Gogh&#8221;, la muestra inmersiva que se presenta desde febrero en el Predio Ferial La Rural, super\u00f3 los 300.000 espectadores y extiende su permanencia hasta el 31 de julio, en coincidencia con las vacaciones de invierno. &#8220;Ten\u00edamos indicios muy interesantes de que la muestra iba a andar bien. La preventa marc\u00f3 un r\u00e9cord a [&hellip;]<\/p>\n","protected":false},"author":1,"featured_media":2801,"comment_status":"open","ping_status":"open","sticky":false,"template":"","format":"standard","meta":{"_monsterinsights_skip_tracking":false,"_monsterinsights_sitenote_active":false,"_monsterinsights_sitenote_note":"","_monsterinsights_sitenote_category":0,"footnotes":""},"categories":[155],"tags":[171],"class_list":["post-2800","post","type-post","status-publish","format-standard","has-post-thumbnail","hentry","category-cultura","tag-171"],"_links":{"self":[{"href":"https:\/\/news.digitaltv.com.ar\/index.php?rest_route=\/wp\/v2\/posts\/2800","targetHints":{"allow":["GET"]}}],"collection":[{"href":"https:\/\/news.digitaltv.com.ar\/index.php?rest_route=\/wp\/v2\/posts"}],"about":[{"href":"https:\/\/news.digitaltv.com.ar\/index.php?rest_route=\/wp\/v2\/types\/post"}],"author":[{"embeddable":true,"href":"https:\/\/news.digitaltv.com.ar\/index.php?rest_route=\/wp\/v2\/users\/1"}],"replies":[{"embeddable":true,"href":"https:\/\/news.digitaltv.com.ar\/index.php?rest_route=%2Fwp%2Fv2%2Fcomments&post=2800"}],"version-history":[{"count":1,"href":"https:\/\/news.digitaltv.com.ar\/index.php?rest_route=\/wp\/v2\/posts\/2800\/revisions"}],"predecessor-version":[{"id":2802,"href":"https:\/\/news.digitaltv.com.ar\/index.php?rest_route=\/wp\/v2\/posts\/2800\/revisions\/2802"}],"wp:featuredmedia":[{"embeddable":true,"href":"https:\/\/news.digitaltv.com.ar\/index.php?rest_route=\/wp\/v2\/media\/2801"}],"wp:attachment":[{"href":"https:\/\/news.digitaltv.com.ar\/index.php?rest_route=%2Fwp%2Fv2%2Fmedia&parent=2800"}],"wp:term":[{"taxonomy":"category","embeddable":true,"href":"https:\/\/news.digitaltv.com.ar\/index.php?rest_route=%2Fwp%2Fv2%2Fcategories&post=2800"},{"taxonomy":"post_tag","embeddable":true,"href":"https:\/\/news.digitaltv.com.ar\/index.php?rest_route=%2Fwp%2Fv2%2Ftags&post=2800"}],"curies":[{"name":"wp","href":"https:\/\/api.w.org\/{rel}","templated":true}]}}