{"id":2825,"date":"2022-06-02T15:00:58","date_gmt":"2022-06-02T18:00:58","guid":{"rendered":"https:\/\/wp.digitaltv.com.ar\/?p=2825"},"modified":"2022-06-03T08:59:40","modified_gmt":"2022-06-03T11:59:40","slug":"daniel-tovar-la-totalidad-de-los-hechos-fueron-desestimados-sobre-el-alumno-del-industrial-sobreseido","status":"publish","type":"post","link":"https:\/\/news.digitaltv.com.ar\/?p=2825","title":{"rendered":"DANIEL TOVAR \u201cLA TOTALIDAD DE LOS HECHOS FUERON DESESTIMADOS\u201d SOBRE EL ALUMNO DEL INDUSTRIAL SOBRESEIDO"},"content":{"rendered":"\n<p>El caso que recorri\u00f3 la ciudad lleg\u00f3 a su fin, el menor acusado de abusar de algunas de sus compa\u00f1eras fue sobrese\u00eddo.<\/p>\n\n\n\n<p>En las \u00faltimas horas se supo que el fiscal Daniel Aguilar decidi\u00f3 sobreseer al menor acusado de abuso por sus compa\u00f1eras \u201cla totalidad de los hechos fueron desestimando, el fiscal no lo indag\u00f3, yo me junte con la madre y el menor, me relatan lo sucedido y cuando veo la causa no encontr\u00e9 nada, hechos inveros\u00edmiles&#8221; detall\u00f3 Daniel Tovar abogado de la familia del menor.<\/p>\n\n\n\n<p>Seg\u00fan su consideraci\u00f3n la escuela \u201ctom\u00f3 esa postura, porque los relatos no eran contundentes, yo creo que tiene que ver con discusiones adolescentes, hay una causa porque un padre lo agredi\u00f3&#8221; y aun deber\u00e1n decidi\u00f3 si comenzar otra por la falsa denuncia.<\/p>\n\n\n\n<p>El menor volver\u00e1 a retomar las clases presenciales y de a poco \u201cvolver a su vida habitual\u201d.<\/p>\n","protected":false},"excerpt":{"rendered":"<p>El caso que recorri\u00f3 la ciudad lleg\u00f3 a su fin, el menor acusado de abusar de algunas de sus compa\u00f1eras fue sobrese\u00eddo. En las \u00faltimas horas se supo que el fiscal Daniel Aguilar decidi\u00f3 sobreseer al menor acusado de abuso por sus compa\u00f1eras \u201cla totalidad de los hechos fueron desestimando, el fiscal no lo indag\u00f3, [&hellip;]<\/p>\n","protected":false},"author":2,"featured_media":2826,"comment_status":"open","ping_status":"open","sticky":false,"template":"","format":"standard","meta":{"_monsterinsights_skip_tracking":false,"_monsterinsights_sitenote_active":false,"_monsterinsights_sitenote_note":"","_monsterinsights_sitenote_category":0,"footnotes":""},"categories":[152],"tags":[169],"class_list":["post-2825","post","type-post","status-publish","format-standard","has-post-thumbnail","hentry","category-pergamino","tag-169"],"_links":{"self":[{"href":"https:\/\/news.digitaltv.com.ar\/index.php?rest_route=\/wp\/v2\/posts\/2825","targetHints":{"allow":["GET"]}}],"collection":[{"href":"https:\/\/news.digitaltv.com.ar\/index.php?rest_route=\/wp\/v2\/posts"}],"about":[{"href":"https:\/\/news.digitaltv.com.ar\/index.php?rest_route=\/wp\/v2\/types\/post"}],"author":[{"embeddable":true,"href":"https:\/\/news.digitaltv.com.ar\/index.php?rest_route=\/wp\/v2\/users\/2"}],"replies":[{"embeddable":true,"href":"https:\/\/news.digitaltv.com.ar\/index.php?rest_route=%2Fwp%2Fv2%2Fcomments&post=2825"}],"version-history":[{"count":1,"href":"https:\/\/news.digitaltv.com.ar\/index.php?rest_route=\/wp\/v2\/posts\/2825\/revisions"}],"predecessor-version":[{"id":2827,"href":"https:\/\/news.digitaltv.com.ar\/index.php?rest_route=\/wp\/v2\/posts\/2825\/revisions\/2827"}],"wp:featuredmedia":[{"embeddable":true,"href":"https:\/\/news.digitaltv.com.ar\/index.php?rest_route=\/wp\/v2\/media\/2826"}],"wp:attachment":[{"href":"https:\/\/news.digitaltv.com.ar\/index.php?rest_route=%2Fwp%2Fv2%2Fmedia&parent=2825"}],"wp:term":[{"taxonomy":"category","embeddable":true,"href":"https:\/\/news.digitaltv.com.ar\/index.php?rest_route=%2Fwp%2Fv2%2Fcategories&post=2825"},{"taxonomy":"post_tag","embeddable":true,"href":"https:\/\/news.digitaltv.com.ar\/index.php?rest_route=%2Fwp%2Fv2%2Ftags&post=2825"}],"curies":[{"name":"wp","href":"https:\/\/api.w.org\/{rel}","templated":true}]}}