{"id":2989,"date":"2022-06-10T09:07:30","date_gmt":"2022-06-10T12:07:30","guid":{"rendered":"https:\/\/wp.digitaltv.com.ar\/?p=2989"},"modified":"2022-06-12T09:54:25","modified_gmt":"2022-06-12T12:54:25","slug":"milei-y-el-dioy-realizaran-hoy-un-actro-politico-en-el-club-el-porvenir","status":"publish","type":"post","link":"https:\/\/news.digitaltv.com.ar\/?p=2989","title":{"rendered":"MILEI Y &#8220;EL DIPY&#8221; REALIZAR\u00c1N HOY UN ACTRO POL\u00cdTICO EN EL CLUB EL PORVENIR"},"content":{"rendered":"\n<p>El diputado nacional de La Libertad Avanza Javier Milei encabezar\u00e1 hoy un acto pol\u00edtico con el prop\u00f3sito de afirmar su postulaci\u00f3n de cara a las elecciones presidenciales del 2023, que se llevar\u00e1 a cabo en el club El Porvenir de Gerli, y en el que participar\u00e1 el m\u00fasico tropical Adri\u00e1n Mart\u00ednez, conocido popularmente como &#8220;El Dipy&#8221;.<\/p>\n\n\n\n<p>El encuentro comenzar\u00e1 a las 17 en la localidad bonaerense de Gerli, donde &#8220;El Dipy&#8221; ofrecer\u00e1 un show musical, y el legislador dar\u00e1 &#8220;una clase de econom\u00eda&#8221; destinada al p\u00fablico que asistir\u00e1 al mitin, seg\u00fan confirmaron fuentes partidarias.<\/p>\n\n\n\n<p>El acto contar\u00e1 adem\u00e1s con la presencia de los diputados nacionales por La Libertad Avanza, Victoria Villaruel y Ramiro Marra, y tambi\u00e9n asistir\u00e1 el diputado provincial de la Rioja, Mart\u00edn Menem, sobrino del expresidente Carlos Sa\u00fal Menem.<\/p>\n\n\n\n<p>Asimismo acudir\u00e1 al encuentro el economista neoliberal Carlos Maslat\u00f3n y diversos referentes de sectores allegados al legislador nacional.<\/p>\n\n\n\n<p>El diputado ya realiz\u00f3 dos viajes a varias ciudades del pa\u00eds para ofrecer disertaciones a sus seguidores y fue cuestionado por utilizar los pasajes que otorga el Congreso Nacional para trasladarse a estos actos de campa\u00f1a.<\/p>\n\n\n\n<p>Milei avanza en su armado nacional rumbo a 2023 a trav\u00e9s de la alianza con varias formaciones pol\u00edticas y trabaja con partidos como el Movimiento de Integraci\u00f3n y Desarrollo (MID), el Partido Dem\u00f3crata, Unite, el Partido Libertario y el Partido Renovador Federal, entre otros.<\/p>\n\n\n\n<p>Estas agrupaciones, con distintos niveles de alianzas, le brindan al economista &#8220;libertario&#8221; sus estructuras para que pueda impulsar su proyecto presidencial.<\/p>\n\n\n\n<p>Por su parte, &#8220;El Dipy&#8221; comparti\u00f3 un video para promocionar el acto, en el cual consider\u00f3 que Argentina se encuentra ante &#8220;un cambio de \u00e9poca&#8221;.<\/p>\n\n\n\n<p>En la provincia de Tucum\u00e1n, por ejemplo, Milei sell\u00f3 una alianza con Fuerza Republicana, representada por Ricardo Bussi, hijo del genocida Antonio Domingo Bussi, interventor militar en Tucum\u00e1n durante la dictadura c\u00edvico-militar, y luego gobernador electo por el voto popular en 1995.<\/p>\n","protected":false},"excerpt":{"rendered":"<p>El diputado nacional de La Libertad Avanza Javier Milei encabezar\u00e1 hoy un acto pol\u00edtico con el prop\u00f3sito de afirmar su postulaci\u00f3n de cara a las elecciones presidenciales del 2023, que se llevar\u00e1 a cabo en el club El Porvenir de Gerli, y en el que participar\u00e1 el m\u00fasico tropical Adri\u00e1n Mart\u00ednez, conocido popularmente como &#8220;El [&hellip;]<\/p>\n","protected":false},"author":2,"featured_media":2990,"comment_status":"open","ping_status":"open","sticky":false,"template":"","format":"standard","meta":{"_monsterinsights_skip_tracking":false,"_monsterinsights_sitenote_active":false,"_monsterinsights_sitenote_note":"","_monsterinsights_sitenote_category":0,"footnotes":""},"categories":[150],"tags":[160],"class_list":["post-2989","post","type-post","status-publish","format-standard","has-post-thumbnail","hentry","category-actualidad","tag-160"],"_links":{"self":[{"href":"https:\/\/news.digitaltv.com.ar\/index.php?rest_route=\/wp\/v2\/posts\/2989","targetHints":{"allow":["GET"]}}],"collection":[{"href":"https:\/\/news.digitaltv.com.ar\/index.php?rest_route=\/wp\/v2\/posts"}],"about":[{"href":"https:\/\/news.digitaltv.com.ar\/index.php?rest_route=\/wp\/v2\/types\/post"}],"author":[{"embeddable":true,"href":"https:\/\/news.digitaltv.com.ar\/index.php?rest_route=\/wp\/v2\/users\/2"}],"replies":[{"embeddable":true,"href":"https:\/\/news.digitaltv.com.ar\/index.php?rest_route=%2Fwp%2Fv2%2Fcomments&post=2989"}],"version-history":[{"count":2,"href":"https:\/\/news.digitaltv.com.ar\/index.php?rest_route=\/wp\/v2\/posts\/2989\/revisions"}],"predecessor-version":[{"id":2992,"href":"https:\/\/news.digitaltv.com.ar\/index.php?rest_route=\/wp\/v2\/posts\/2989\/revisions\/2992"}],"wp:featuredmedia":[{"embeddable":true,"href":"https:\/\/news.digitaltv.com.ar\/index.php?rest_route=\/wp\/v2\/media\/2990"}],"wp:attachment":[{"href":"https:\/\/news.digitaltv.com.ar\/index.php?rest_route=%2Fwp%2Fv2%2Fmedia&parent=2989"}],"wp:term":[{"taxonomy":"category","embeddable":true,"href":"https:\/\/news.digitaltv.com.ar\/index.php?rest_route=%2Fwp%2Fv2%2Fcategories&post=2989"},{"taxonomy":"post_tag","embeddable":true,"href":"https:\/\/news.digitaltv.com.ar\/index.php?rest_route=%2Fwp%2Fv2%2Ftags&post=2989"}],"curies":[{"name":"wp","href":"https:\/\/api.w.org\/{rel}","templated":true}]}}