{"id":3004,"date":"2022-06-11T09:29:43","date_gmt":"2022-06-11T12:29:43","guid":{"rendered":"https:\/\/wp.digitaltv.com.ar\/?p=3004"},"modified":"2022-06-11T09:53:07","modified_gmt":"2022-06-11T12:53:07","slug":"reforzaran-y-definiran-cambios-en-programas-de-precios-para-combatir-la-inflacion","status":"publish","type":"post","link":"https:\/\/news.digitaltv.com.ar\/?p=3004","title":{"rendered":"REFORZAR\u00c1N Y DEFINIR\u00c1N CAMBIOS EN PROGRAMAS DE PRECIOS PARA COMBATIR LA INFLACI\u00d3N"},"content":{"rendered":"\n<p>El Gobierno nacional decidi\u00f3 avanzar en el refuerzo y la definici\u00f3n de cambios en programas y herramientas como Precios Cuidados, Ahora 12 y los fideicomisos activos, en el marco de la pol\u00edticas macroecon\u00f3micas impulsadas para controlar la expectativas inflacionarias, indicaron fuentes oficiales.<\/p>\n\n\n\n<p>En este sentido, el equipo econ\u00f3mico nacional reafirm\u00f3 que se continuar\u00e1 el abordaje del proceso inflacionario como un problema de la macroeconom\u00eda, por lo cual debe ser &#8220;enfrentado&#8221; con herramientas de esa \u00edndole, como la pol\u00edtica cambiaria, productiva, monetaria y fiscal.<\/p>\n\n\n\n<p>Para los funcionarios del Palacio de Hacienda, este problema tiene dos componentes: uno local, de largo plazo y otro internacional, exacerbado por la guerra entre Rusia y Ucrania.<\/p>\n\n\n\n<p>En ese marco, algunas herramientas que tiene en funcionamiento la Secretar\u00eda de Comercio Interior son la de Precios Cuidados y los fideicomisos, que buscan anclar las expectativas de precios de alimentos y productos de consumo masivo.<\/p>\n\n\n\n<p>Seg\u00fan fuentes oficiales, el Gobierno seguir\u00e1 con estos instrumentos y programas y buscar\u00e1 reforzarlos y reacomodarlos para dotarlos de una mayor focalizaci\u00f3n en ciertos aspectos.<\/p>\n\n\n\n<p>En el caso de Precios Cuidados, que hoy cuenta con una canasta de 1.300 productos y que tiene que ser rediscutida con el sector empresario antes del 7 de julio, lo que se busca es generar las condiciones para que no haya desabastecimientos de los art\u00edculos incluidos.<\/p>\n\n\n\n<p>Para esto es necesario achicar la &#8220;brecha&#8221; entre los precios de los productos contemplados en el programa con aquellos que no est\u00e1n regulados, lo que dar\u00eda lugar a convalidar mayores aumentos a los pautados en los primeros.<\/p>\n\n\n\n<p>Tambi\u00e9n se buscar\u00e1 &#8220;focalizar&#8221; la canasta en aquellos productos de consumo m\u00e1s masivo y representativos, aunque las fuentes no especificaron el recorte que habr\u00e1 en este sentido.<\/p>\n\n\n\n<p>Respecto a la canasta de los comercios de cercan\u00eda, que cuenta con 60 productos, las intenciones oficiales pasan por sumar a pymes regionales en los diferentes puntos del pa\u00eds para incrementar su abastecimiento.<\/p>\n\n\n\n<p>Por otro lado, se platea un &#8220;reordenamiento&#8221; de la tasa de inter\u00e9s del programa Ahora 12, lo que se traduce en un incremento de las mismas.<\/p>\n\n\n\n<p>Desde la Secretar\u00eda tambi\u00e9n se reforzar\u00e1n espacios institucionales como Defensa al Consumidor y de la Competencia, al mismo tiempo que se buscar\u00e1 que las pymes den un &#8220;salto productivo&#8221; y que tengan una mayor participaci\u00f3n en la oferta de productos.<\/p>\n\n\n\n<p>Respecto a los tres fideicomisos que hoy se encuentran en funcionamientos (dos privados y uno p\u00fablico), aseguraron que seguir\u00e1n en funcionamiento y que se buscar\u00e1 reforzarlos.<\/p>\n\n\n\n<p>Tanto para el de harina triple 000 y fideos secos como el del aceite, ambos privados, el objetivo es que se refuerce su financiamiento por parte de las compa\u00f1\u00edas participantes tras el cambio de condiciones que se dieron por la guerra en Ucrania.<\/p>\n\n\n\n<p>En el caso del Fondo Estabilizador del Trigo Argentino (FETA) , que cuenta con un fondeo de entre US$ 300 y US$ 400 millones, la intenci\u00f3n es sumar m\u00e1s molinos al fideicomiso y garantizar su funcionamiento.<\/p>\n\n\n\n<p>En la actualidad, hay tres molinos inscriptos en el FETA, (entre ellos Molinos Ca\u00f1uelas), pero las fuentes adelantaron que hay cuatro m\u00e1s iniciando los tr\u00e1mites y que se &#8220;est\u00e1 hablando con otro conjunto de empresas&#8221;.<\/p>\n\n\n\n<p>&#8220;Hay una presi\u00f3n de la industria para que no funcione, pero hay que hacerlo funcionar de la mejor manera posible&#8221;, afirmaron las fuentes.<\/p>\n\n\n\n<p>De hecho, referentes de la industria y del sector panadero se reunieron hoy con el secretario de Comercio Interior, Guillermo Hang, a quien le manifestaron la necesidad de continuar con el fideicomiso de trigo para mantener los precios de fideos y el pan.<\/p>\n\n\n\n<p>&#8220;Con el secretario estuvimos hablando de la preocupaci\u00f3n que tenemos por la continuidad del fideicomiso, \u00e9l nos transmiti\u00f3 tranquilidad, entiende lo delicado de la situaci\u00f3n en cuanto a que se acaban los fondos y nos dijo que la semana que viene seguramente vamos a tener novedades&#8221;, se\u00f1al\u00f3 Juan Manuel Airoldes, presidente de la Uni\u00f3n de Industriales Fideeros de la Rep\u00fablica Argentina, en declaraciones a T\u00e9lam.<\/p>\n","protected":false},"excerpt":{"rendered":"<p>El Gobierno nacional decidi\u00f3 avanzar en el refuerzo y la definici\u00f3n de cambios en programas y herramientas como Precios Cuidados, Ahora 12 y los fideicomisos activos, en el marco de la pol\u00edticas macroecon\u00f3micas impulsadas para controlar la expectativas inflacionarias, indicaron fuentes oficiales. En este sentido, el equipo econ\u00f3mico nacional reafirm\u00f3 que se continuar\u00e1 el abordaje [&hellip;]<\/p>\n","protected":false},"author":2,"featured_media":3006,"comment_status":"open","ping_status":"open","sticky":false,"template":"","format":"standard","meta":{"_monsterinsights_skip_tracking":false,"_monsterinsights_sitenote_active":false,"_monsterinsights_sitenote_note":"","_monsterinsights_sitenote_category":0,"footnotes":""},"categories":[150],"tags":[160],"class_list":["post-3004","post","type-post","status-publish","format-standard","has-post-thumbnail","hentry","category-actualidad","tag-160"],"_links":{"self":[{"href":"https:\/\/news.digitaltv.com.ar\/index.php?rest_route=\/wp\/v2\/posts\/3004","targetHints":{"allow":["GET"]}}],"collection":[{"href":"https:\/\/news.digitaltv.com.ar\/index.php?rest_route=\/wp\/v2\/posts"}],"about":[{"href":"https:\/\/news.digitaltv.com.ar\/index.php?rest_route=\/wp\/v2\/types\/post"}],"author":[{"embeddable":true,"href":"https:\/\/news.digitaltv.com.ar\/index.php?rest_route=\/wp\/v2\/users\/2"}],"replies":[{"embeddable":true,"href":"https:\/\/news.digitaltv.com.ar\/index.php?rest_route=%2Fwp%2Fv2%2Fcomments&post=3004"}],"version-history":[{"count":1,"href":"https:\/\/news.digitaltv.com.ar\/index.php?rest_route=\/wp\/v2\/posts\/3004\/revisions"}],"predecessor-version":[{"id":3007,"href":"https:\/\/news.digitaltv.com.ar\/index.php?rest_route=\/wp\/v2\/posts\/3004\/revisions\/3007"}],"wp:featuredmedia":[{"embeddable":true,"href":"https:\/\/news.digitaltv.com.ar\/index.php?rest_route=\/wp\/v2\/media\/3006"}],"wp:attachment":[{"href":"https:\/\/news.digitaltv.com.ar\/index.php?rest_route=%2Fwp%2Fv2%2Fmedia&parent=3004"}],"wp:term":[{"taxonomy":"category","embeddable":true,"href":"https:\/\/news.digitaltv.com.ar\/index.php?rest_route=%2Fwp%2Fv2%2Fcategories&post=3004"},{"taxonomy":"post_tag","embeddable":true,"href":"https:\/\/news.digitaltv.com.ar\/index.php?rest_route=%2Fwp%2Fv2%2Ftags&post=3004"}],"curies":[{"name":"wp","href":"https:\/\/api.w.org\/{rel}","templated":true}]}}