{"id":3063,"date":"2022-06-14T08:49:47","date_gmt":"2022-06-14T11:49:47","guid":{"rendered":"https:\/\/wp.digitaltv.com.ar\/?p=3063"},"modified":"2022-06-15T11:12:41","modified_gmt":"2022-06-15T14:12:41","slug":"lisandro-bormioli-nuestro-gobierno-no-ve-gente-de-primera-o-de-segunda","status":"publish","type":"post","link":"https:\/\/news.digitaltv.com.ar\/?p=3063","title":{"rendered":"LISANDRO BORMIOLI \u201cNUESTRO GOBIERNO NO VE GENTE DE PRIMERA O DE SEGUNDA\u201d"},"content":{"rendered":"\n<p>El diputado nacional Lisandro Bormioli dialog\u00f3 con Toma Mate FM 105.1 sobre la boleta \u00fanica, le situaci\u00f3n actual de la c\u00e1mara de diputados y las gestiones de la provincia y naci\u00f3n para Pergamino.<\/p>\n\n\n\n<p>El diputado del Frente de Todos fue uno de los que defendi\u00f3 la boleta \u00fanica en la \u00faltima sesi\u00f3n del congreso \u201cnosotros estamos muy contentos con el trabajo que estamos haciendo en la c\u00e1mara el problema es de Juntos no del pa\u00eds\u201d.<\/p>\n\n\n\n<p>En cuanto a su trabajo como diputado &#8220;Uno sabe el lugar que ocupa y trata de trabajar en funci\u00f3n de una mejora para la ciudad, uno busca que recursos nacionales se vuelquen en el municipio, todo lo que mejore la calidad de vida hay que hacerlo, la visi\u00f3n del gobierno nacional y provincial no es tener de rehenes a los vecino&#8221;.<\/p>\n\n\n\n<p>Por otro lado resalt\u00f3 las pol\u00edticas de su gobierno &#8220;nuestro gobierno no ve gente de primera o de segunda, es para todos igual, se est\u00e1n haciendo mucho mas obras que cuando gobernaba Vidal-Macri&#8221;.<\/p>\n","protected":false},"excerpt":{"rendered":"<p>El diputado nacional Lisandro Bormioli dialog\u00f3 con Toma Mate FM 105.1 sobre la boleta \u00fanica, le situaci\u00f3n actual de la c\u00e1mara de diputados y las gestiones de la provincia y naci\u00f3n para Pergamino. El diputado del Frente de Todos fue uno de los que defendi\u00f3 la boleta \u00fanica en la \u00faltima sesi\u00f3n del congreso \u201cnosotros [&hellip;]<\/p>\n","protected":false},"author":2,"featured_media":3066,"comment_status":"open","ping_status":"open","sticky":false,"template":"","format":"standard","meta":{"_monsterinsights_skip_tracking":false,"_monsterinsights_sitenote_active":false,"_monsterinsights_sitenote_note":"","_monsterinsights_sitenote_category":0,"footnotes":""},"categories":[172],"tags":[169],"class_list":["post-3063","post","type-post","status-publish","format-standard","has-post-thumbnail","hentry","category-p","tag-169"],"_links":{"self":[{"href":"https:\/\/news.digitaltv.com.ar\/index.php?rest_route=\/wp\/v2\/posts\/3063","targetHints":{"allow":["GET"]}}],"collection":[{"href":"https:\/\/news.digitaltv.com.ar\/index.php?rest_route=\/wp\/v2\/posts"}],"about":[{"href":"https:\/\/news.digitaltv.com.ar\/index.php?rest_route=\/wp\/v2\/types\/post"}],"author":[{"embeddable":true,"href":"https:\/\/news.digitaltv.com.ar\/index.php?rest_route=\/wp\/v2\/users\/2"}],"replies":[{"embeddable":true,"href":"https:\/\/news.digitaltv.com.ar\/index.php?rest_route=%2Fwp%2Fv2%2Fcomments&post=3063"}],"version-history":[{"count":1,"href":"https:\/\/news.digitaltv.com.ar\/index.php?rest_route=\/wp\/v2\/posts\/3063\/revisions"}],"predecessor-version":[{"id":3065,"href":"https:\/\/news.digitaltv.com.ar\/index.php?rest_route=\/wp\/v2\/posts\/3063\/revisions\/3065"}],"wp:featuredmedia":[{"embeddable":true,"href":"https:\/\/news.digitaltv.com.ar\/index.php?rest_route=\/wp\/v2\/media\/3066"}],"wp:attachment":[{"href":"https:\/\/news.digitaltv.com.ar\/index.php?rest_route=%2Fwp%2Fv2%2Fmedia&parent=3063"}],"wp:term":[{"taxonomy":"category","embeddable":true,"href":"https:\/\/news.digitaltv.com.ar\/index.php?rest_route=%2Fwp%2Fv2%2Fcategories&post=3063"},{"taxonomy":"post_tag","embeddable":true,"href":"https:\/\/news.digitaltv.com.ar\/index.php?rest_route=%2Fwp%2Fv2%2Ftags&post=3063"}],"curies":[{"name":"wp","href":"https:\/\/api.w.org\/{rel}","templated":true}]}}