{"id":3102,"date":"2022-06-15T19:48:53","date_gmt":"2022-06-15T22:48:53","guid":{"rendered":"https:\/\/wp.digitaltv.com.ar\/?p=3102"},"modified":"2022-06-17T09:53:46","modified_gmt":"2022-06-17T12:53:46","slug":"ajuste-paritarias-2022-hubo-acuerdo-entre-los-gremios-y-el-ejecutivo-municipal","status":"publish","type":"post","link":"https:\/\/news.digitaltv.com.ar\/?p=3102","title":{"rendered":"AJUSTE PARITARIAS 2022: HUBO ACUERDO ENTRE LOS GREMIOS Y EL EJECUTIVO MUNICIPAL"},"content":{"rendered":"\n<p>Hoy al mediod\u00eda se realiz\u00f3 una nueva reuni\u00f3n encabezada por el secretario de Gobierno Juan Manuel Rico Zini y la secretaria de Hacienda Andrea Lamelas, por parte del Ejecutivo, y representantes de los gremios municipales: Sindicato de Obreros Municipales (SOEM), ATE Pergamino, UPCN y SOSBA.<\/p>\n\n\n\n<p><br>Se acord\u00f3 un aumento del 5 por ciento a otorgarse en el mes de julio de 2022, adicional al oportunamente acordado en marzo del mismo a\u00f1o, por lo cual, el porcentaje total a abonarse en dicho mes ser\u00e1 de 12 por ciento sobre la escala salarial vigente del mes de junio de 2022, sobre los salarios b\u00e1sicos del personal de la Administraci\u00f3n P\u00fablica Municipal, y una gratificaci\u00f3n extraordinaria, no remunerativa y no bonificable, por \u00fanica vez de 20 mil pesos que ser\u00e1n abonados en dos cuotas mensuales, iguales y consecutivas de 10 mil pesos cada una, junto a los salarios de los meses de agosto y septiembre del corriente a\u00f1o, comprendiendo exclusivamente a las categor\u00edas X (Diez) a Jefe de Departamento II (dos) inclusive, pertenecientes al Escalaf\u00f3n Municipal y de la Categor\u00eda I (Uno) a la XIX (Diecinueve) inclusive, del Escalaf\u00f3n de Obras Sanitarias.<\/p>\n\n\n\n<p><br>Adem\u00e1s, las partes acordaron un nuevo encuentro para el d\u00eda lunes 10 de octubre de 2022, a las 12:00 horas en la sede del Palacio Municipal a fin de monitorear los \u00edndices inflacionarios publicados y existentes a esa fecha por el Instituto Nacional de Estad\u00edsticas y Censos (IPC Gral.) y en su caso renegociar el acompa\u00f1amiento inflacionario a los \u00edndices de aumento ya pactados y que conforman la base del presente acuerdo paritario.<\/p>\n","protected":false},"excerpt":{"rendered":"<p>Hoy al mediod\u00eda se realiz\u00f3 una nueva reuni\u00f3n encabezada por el secretario de Gobierno Juan Manuel Rico Zini y la secretaria de Hacienda Andrea Lamelas, por parte del Ejecutivo, y representantes de los gremios municipales: Sindicato de Obreros Municipales (SOEM), ATE Pergamino, UPCN y SOSBA. Se acord\u00f3 un aumento del 5 por ciento a otorgarse [&hellip;]<\/p>\n","protected":false},"author":2,"featured_media":3104,"comment_status":"open","ping_status":"open","sticky":false,"template":"","format":"standard","meta":{"_monsterinsights_skip_tracking":false,"_monsterinsights_sitenote_active":false,"_monsterinsights_sitenote_note":"","_monsterinsights_sitenote_category":0,"footnotes":""},"categories":[152],"tags":[169],"class_list":["post-3102","post","type-post","status-publish","format-standard","has-post-thumbnail","hentry","category-pergamino","tag-169"],"_links":{"self":[{"href":"https:\/\/news.digitaltv.com.ar\/index.php?rest_route=\/wp\/v2\/posts\/3102","targetHints":{"allow":["GET"]}}],"collection":[{"href":"https:\/\/news.digitaltv.com.ar\/index.php?rest_route=\/wp\/v2\/posts"}],"about":[{"href":"https:\/\/news.digitaltv.com.ar\/index.php?rest_route=\/wp\/v2\/types\/post"}],"author":[{"embeddable":true,"href":"https:\/\/news.digitaltv.com.ar\/index.php?rest_route=\/wp\/v2\/users\/2"}],"replies":[{"embeddable":true,"href":"https:\/\/news.digitaltv.com.ar\/index.php?rest_route=%2Fwp%2Fv2%2Fcomments&post=3102"}],"version-history":[{"count":2,"href":"https:\/\/news.digitaltv.com.ar\/index.php?rest_route=\/wp\/v2\/posts\/3102\/revisions"}],"predecessor-version":[{"id":3117,"href":"https:\/\/news.digitaltv.com.ar\/index.php?rest_route=\/wp\/v2\/posts\/3102\/revisions\/3117"}],"wp:featuredmedia":[{"embeddable":true,"href":"https:\/\/news.digitaltv.com.ar\/index.php?rest_route=\/wp\/v2\/media\/3104"}],"wp:attachment":[{"href":"https:\/\/news.digitaltv.com.ar\/index.php?rest_route=%2Fwp%2Fv2%2Fmedia&parent=3102"}],"wp:term":[{"taxonomy":"category","embeddable":true,"href":"https:\/\/news.digitaltv.com.ar\/index.php?rest_route=%2Fwp%2Fv2%2Fcategories&post=3102"},{"taxonomy":"post_tag","embeddable":true,"href":"https:\/\/news.digitaltv.com.ar\/index.php?rest_route=%2Fwp%2Fv2%2Ftags&post=3102"}],"curies":[{"name":"wp","href":"https:\/\/api.w.org\/{rel}","templated":true}]}}