{"id":3108,"date":"2022-06-16T08:31:31","date_gmt":"2022-06-16T11:31:31","guid":{"rendered":"https:\/\/wp.digitaltv.com.ar\/?p=3108"},"modified":"2022-06-17T09:53:27","modified_gmt":"2022-06-17T12:53:27","slug":"habra-recolecion-de-residuos-el-fin-de-semana-largo","status":"publish","type":"post","link":"https:\/\/news.digitaltv.com.ar\/?p=3108","title":{"rendered":"HABR\u00c1 RECOLECI\u00d3N DE RESIDUOS EL FIN DE SEMANA LARGO"},"content":{"rendered":"\n<p>La Municipalidad de Pergamino informa c\u00f3mo ser\u00e1 la recolecci\u00f3n de residuos domiciliarios y voluminosos durante el fin de semana largo que se aproxima.<\/p>\n\n\n\n<p>El 17 de junio se conmemora el Paso a la Inmortalidad del General Don Mart\u00edn Miguel de G\u00fcemes y el lunes 20 el Paso a la Inmortalidad del General Manuel Belgrano, por tal motivo los d\u00edas viernes y lunes pr\u00f3ximos ser\u00e1n feriados nacionales.<\/p>\n\n\n\n<p>Los d\u00edas viernes 17, s\u00e1bado 18 y lunes 20 de junio se brindar\u00e1 el servicio de recolecci\u00f3n de residuos domiciliarios. Mientras que el domingo 19 de junio no habr\u00e1 dicho servicio.<br>En tanto del viernes 17 al lunes 20 no habr\u00e1 recolecci\u00f3n de residuos voluminosos.<\/p>\n","protected":false},"excerpt":{"rendered":"<p>La Municipalidad de Pergamino informa c\u00f3mo ser\u00e1 la recolecci\u00f3n de residuos domiciliarios y voluminosos durante el fin de semana largo que se aproxima. El 17 de junio se conmemora el Paso a la Inmortalidad del General Don Mart\u00edn Miguel de G\u00fcemes y el lunes 20 el Paso a la Inmortalidad del General Manuel Belgrano, por [&hellip;]<\/p>\n","protected":false},"author":1,"featured_media":3109,"comment_status":"open","ping_status":"open","sticky":false,"template":"","format":"standard","meta":{"_monsterinsights_skip_tracking":false,"_monsterinsights_sitenote_active":false,"_monsterinsights_sitenote_note":"","_monsterinsights_sitenote_category":0,"footnotes":""},"categories":[152],"tags":[160],"class_list":["post-3108","post","type-post","status-publish","format-standard","has-post-thumbnail","hentry","category-pergamino","tag-160"],"_links":{"self":[{"href":"https:\/\/news.digitaltv.com.ar\/index.php?rest_route=\/wp\/v2\/posts\/3108","targetHints":{"allow":["GET"]}}],"collection":[{"href":"https:\/\/news.digitaltv.com.ar\/index.php?rest_route=\/wp\/v2\/posts"}],"about":[{"href":"https:\/\/news.digitaltv.com.ar\/index.php?rest_route=\/wp\/v2\/types\/post"}],"author":[{"embeddable":true,"href":"https:\/\/news.digitaltv.com.ar\/index.php?rest_route=\/wp\/v2\/users\/1"}],"replies":[{"embeddable":true,"href":"https:\/\/news.digitaltv.com.ar\/index.php?rest_route=%2Fwp%2Fv2%2Fcomments&post=3108"}],"version-history":[{"count":1,"href":"https:\/\/news.digitaltv.com.ar\/index.php?rest_route=\/wp\/v2\/posts\/3108\/revisions"}],"predecessor-version":[{"id":3110,"href":"https:\/\/news.digitaltv.com.ar\/index.php?rest_route=\/wp\/v2\/posts\/3108\/revisions\/3110"}],"wp:featuredmedia":[{"embeddable":true,"href":"https:\/\/news.digitaltv.com.ar\/index.php?rest_route=\/wp\/v2\/media\/3109"}],"wp:attachment":[{"href":"https:\/\/news.digitaltv.com.ar\/index.php?rest_route=%2Fwp%2Fv2%2Fmedia&parent=3108"}],"wp:term":[{"taxonomy":"category","embeddable":true,"href":"https:\/\/news.digitaltv.com.ar\/index.php?rest_route=%2Fwp%2Fv2%2Fcategories&post=3108"},{"taxonomy":"post_tag","embeddable":true,"href":"https:\/\/news.digitaltv.com.ar\/index.php?rest_route=%2Fwp%2Fv2%2Ftags&post=3108"}],"curies":[{"name":"wp","href":"https:\/\/api.w.org\/{rel}","templated":true}]}}